{"id":143953,"date":"2022-03-25T13:52:33","date_gmt":"2022-03-25T17:52:33","guid":{"rendered":"https:\/\/linitiative.ca\/International\/cjd-maroc-une-pleniere-organisee-sous-le-theme-une-economie-de-leau-pour-une-economie-de-la-vie\/"},"modified":"2022-03-25T13:52:33","modified_gmt":"2022-03-25T17:52:33","slug":"cjd-maroc-une-pleniere-organisee-sous-le-theme-une-economie-de-leau-pour-une-economie-de-la-vie","status":"publish","type":"post","link":"https:\/\/linitiative.ca\/International\/cjd-maroc-une-pleniere-organisee-sous-le-theme-une-economie-de-leau-pour-une-economie-de-la-vie\/","title":{"rendered":"Cjd Maroc : une pl\u00e9ni\u00e8re organis\u00e9e sous le th\u00e8me \u00ab\u00a0une \u00e9conomie de l\u2019eau pour une \u00e9conomie de la vie\u00a0\u00bb"},"content":{"rendered":"<div><img decoding=\"async\" width=\"1800\" height=\"1200\" src=\"https:\/\/linitiative.ca\/International\/wp-content\/uploads\/sites\/23\/2022\/03\/Cjd.jpg\" class=\"attachment-post-thumbnail size-post-thumbnail wp-post-image\" alt=\"\" loading=\"lazy\" srcset=\"https:\/\/linitiative.ca\/International\/wp-content\/uploads\/sites\/23\/2022\/03\/Cjd.jpg 1800w, https:\/\/www.challenge.ma\/wp-content\/uploads\/2022\/03\/Cjd-300x200.jpg 300w, https:\/\/www.challenge.ma\/wp-content\/uploads\/2022\/03\/Cjd-1024x683.jpg 1024w, https:\/\/www.challenge.ma\/wp-content\/uploads\/2022\/03\/Cjd-768x512.jpg 768w, https:\/\/www.challenge.ma\/wp-content\/uploads\/2022\/03\/Cjd-1536x1024.jpg 1536w, https:\/\/www.challenge.ma\/wp-content\/uploads\/2022\/03\/Cjd-360x240.jpg 360w, https:\/\/www.challenge.ma\/wp-content\/uploads\/2022\/03\/Cjd-750x500.jpg 750w\" sizes=\"auto, (max-width: 1800px) 100vw, 1800px\" itemprop=\"image\">Le Centre des Jeunes Dirigeants d\u2019Entreprises \u2013 CJD Maroc, a organis\u00e9 samedi 19 mars \u00e0 Rabat, une pl\u00e9ni\u00e8re autour du th\u00e8me tr\u00e8s opportun de la probl\u00e9matique de l\u2019eau, intitul\u00e9e \u00ab\u00a0une \u00e9conomie de l\u2019eau pour une \u00e9conomie de la vie\u00a0\u00bb. Ainsi, ont \u00e9t\u00e9 abord\u00e9es, les questions relatives \u00e0 la gestion efficace<\/div>\n<p>Auteur: Mehdi Ouazzani<br \/>\n<a href=\"https:\/\/www.challenge.ma\/le-cjd-maroc-organise-une-pleniere-sous-le-theme-une-economie-de-leau-pour-une-economie-de-la-vie-235365\/\">Cliquez ici pour lire l&rsquo;article depuis sa source.<\/a><\/p>\n","protected":false},"excerpt":{"rendered":"<p>Le Centre des Jeunes Dirigeants d\u2019Entreprises \u2013 CJD Maroc, a organis\u00e9 samedi 19 mars \u00e0 Rabat, une pl\u00e9ni\u00e8re autour du th\u00e8me tr\u00e8s opportun de la probl\u00e9matique de l\u2019eau, intitul\u00e9e \u00ab\u00a0une \u00e9conomie de l\u2019eau pour une \u00e9conomie de la vie\u00a0\u00bb. Ainsi, ont \u00e9t\u00e9 abord\u00e9es, les questions relatives \u00e0 la gestion efficace Auteur: Mehdi Ouazzani Cliquez ici [&hellip;]<\/p>\n","protected":false},"author":1787,"featured_media":0,"comment_status":"closed","ping_status":"closed","sticky":false,"template":"","format":"standard","meta":{"fifu_image_url":"https:\/\/www.challenge.ma\/wp-content\/uploads\/2022\/03\/Cjd.jpg","fifu_image_alt":"Cjd Maroc : une pl\u00e9ni\u00e8re organis\u00e9e sous le th\u00e8me \u00ab\u00a0une \u00e9conomie de l\u2019eau pour une \u00e9conomie de la vie\u00a0\u00bb","footnotes":""},"categories":[78,54],"tags":[],"class_list":["post-143953","post","type-post","status-publish","format-standard","hentry","category-economie","category-maroc"],"_links":{"self":[{"href":"https:\/\/linitiative.ca\/International\/wp-json\/wp\/v2\/posts\/143953","targetHints":{"allow":["GET"]}}],"collection":[{"href":"https:\/\/linitiative.ca\/International\/wp-json\/wp\/v2\/posts"}],"about":[{"href":"https:\/\/linitiative.ca\/International\/wp-json\/wp\/v2\/types\/post"}],"author":[{"embeddable":true,"href":"https:\/\/linitiative.ca\/International\/wp-json\/wp\/v2\/users\/1787"}],"replies":[{"embeddable":true,"href":"https:\/\/linitiative.ca\/International\/wp-json\/wp\/v2\/comments?post=143953"}],"version-history":[{"count":0,"href":"https:\/\/linitiative.ca\/International\/wp-json\/wp\/v2\/posts\/143953\/revisions"}],"wp:attachment":[{"href":"https:\/\/linitiative.ca\/International\/wp-json\/wp\/v2\/media?parent=143953"}],"wp:term":[{"taxonomy":"category","embeddable":true,"href":"https:\/\/linitiative.ca\/International\/wp-json\/wp\/v2\/categories?post=143953"},{"taxonomy":"post_tag","embeddable":true,"href":"https:\/\/linitiative.ca\/International\/wp-json\/wp\/v2\/tags?post=143953"}],"curies":[{"name":"wp","href":"https:\/\/api.w.org\/{rel}","templated":true}]}}