{"id":143958,"date":"2022-03-25T17:09:58","date_gmt":"2022-03-25T21:09:58","guid":{"rendered":"https:\/\/linitiative.ca\/International\/tunisie-photos-les-revendications-du-corps-de-ladministration-penitentiaire-au-coeur-dune-reunion-entre-leila-jaffel-et-le-syndicat-des-forces-de-surete-interieure\/"},"modified":"2022-03-25T17:09:58","modified_gmt":"2022-03-25T21:09:58","slug":"tunisie-photos-les-revendications-du-corps-de-ladministration-penitentiaire-au-coeur-dune-reunion-entre-leila-jaffel-et-le-syndicat-des-forces-de-surete-interieure","status":"publish","type":"post","link":"https:\/\/linitiative.ca\/International\/tunisie-photos-les-revendications-du-corps-de-ladministration-penitentiaire-au-coeur-dune-reunion-entre-leila-jaffel-et-le-syndicat-des-forces-de-surete-interieure\/","title":{"rendered":"Tunisie [PHOTOS] : Les revendications du corps de l\u2019administration p\u00e9nitentiaire au c\u0153ur d\u2019une r\u00e9union entre Leila Jaffel et le Syndicat des Forces de S\u00fbret\u00e9 Int\u00e9rieure"},"content":{"rendered":"<div>\n<p>Un certain nombre de pr\u00e9occupations professionnelles et sociales des agents et responsables p\u00e9nitentiaires a \u00e9t\u00e9 au centre d\u2019une r\u00e9union entre la ministre de la justice, Mme. Laila Jaffel, et la d\u00e9l\u00e9gation de n\u00e9gociation, de pr\u00e9paration et de programmation du bureau ex\u00e9cutif de l\u2019Union nationale des forces de s\u00fbret\u00e9 int\u00e9rieure ce vendredi apr\u00e8s-midi. Au cours de [\u2026]<\/p>\n<p>L\u2019article <a href=\"https:\/\/www.tunisienumerique.com\/tunisie-photos-les-revendications-du-corps-de-ladministration-penitentiaire-au-coeur-dune-reunion-entre-leila-jaffel-et-le-syndicat-des-forces-de-surete-interieure\/\">Tunisie [PHOTOS] : Les revendications du corps de l\u2019administration p\u00e9nitentiaire au c\u0153ur d\u2019une r\u00e9union entre Leila Jaffel et le Syndicat des Forces de S\u00fbret\u00e9 Int\u00e9rieure<\/a> est apparu en premier sur <a href=\"https:\/\/www.tunisienumerique.com\/\">Tunisie<\/a>.<\/p>\n<\/div>\n<p>Auteur: rania ben slimane<br \/>\n<a href=\"https:\/\/www.tunisienumerique.com\/tunisie-photos-les-revendications-du-corps-de-ladministration-penitentiaire-au-coeur-dune-reunion-entre-leila-jaffel-et-le-syndicat-des-forces-de-surete-interieure\/\">Cliquez ici pour lire l&rsquo;article depuis sa source.<\/a><\/p>\n","protected":false},"excerpt":{"rendered":"<p>Un certain nombre de pr\u00e9occupations professionnelles et sociales des agents et responsables p\u00e9nitentiaires a \u00e9t\u00e9 au centre d\u2019une r\u00e9union entre la ministre de la justice, Mme. Laila Jaffel, et la d\u00e9l\u00e9gation de n\u00e9gociation, de pr\u00e9paration et de programmation du bureau ex\u00e9cutif de l\u2019Union nationale des forces de s\u00fbret\u00e9 int\u00e9rieure ce vendredi apr\u00e8s-midi. Au cours de [&hellip;]<\/p>\n","protected":false},"author":1789,"featured_media":0,"comment_status":"closed","ping_status":"closed","sticky":false,"template":"","format":"standard","meta":{"fifu_image_url":"","fifu_image_alt":"","footnotes":""},"categories":[73,55],"tags":[],"class_list":["post-143958","post","type-post","status-publish","format-standard","hentry","category-actualite","category-tunisie"],"_links":{"self":[{"href":"https:\/\/linitiative.ca\/International\/wp-json\/wp\/v2\/posts\/143958","targetHints":{"allow":["GET"]}}],"collection":[{"href":"https:\/\/linitiative.ca\/International\/wp-json\/wp\/v2\/posts"}],"about":[{"href":"https:\/\/linitiative.ca\/International\/wp-json\/wp\/v2\/types\/post"}],"author":[{"embeddable":true,"href":"https:\/\/linitiative.ca\/International\/wp-json\/wp\/v2\/users\/1789"}],"replies":[{"embeddable":true,"href":"https:\/\/linitiative.ca\/International\/wp-json\/wp\/v2\/comments?post=143958"}],"version-history":[{"count":0,"href":"https:\/\/linitiative.ca\/International\/wp-json\/wp\/v2\/posts\/143958\/revisions"}],"wp:attachment":[{"href":"https:\/\/linitiative.ca\/International\/wp-json\/wp\/v2\/media?parent=143958"}],"wp:term":[{"taxonomy":"category","embeddable":true,"href":"https:\/\/linitiative.ca\/International\/wp-json\/wp\/v2\/categories?post=143958"},{"taxonomy":"post_tag","embeddable":true,"href":"https:\/\/linitiative.ca\/International\/wp-json\/wp\/v2\/tags?post=143958"}],"curies":[{"name":"wp","href":"https:\/\/api.w.org\/{rel}","templated":true}]}}