{"id":143960,"date":"2022-03-25T07:25:18","date_gmt":"2022-03-25T11:25:18","guid":{"rendered":"https:\/\/linitiative.ca\/International\/chemin-de-fer-ouagadougou-abidjan-plus-de-80-milliards-de-f-cfa-deja-injectes-dans-les-equipements-et-la-maintenance-de-la-voie-feree\/"},"modified":"2022-03-25T07:25:18","modified_gmt":"2022-03-25T11:25:18","slug":"chemin-de-fer-ouagadougou-abidjan-plus-de-80-milliards-de-f-cfa-deja-injectes-dans-les-equipements-et-la-maintenance-de-la-voie-feree","status":"publish","type":"post","link":"https:\/\/linitiative.ca\/International\/chemin-de-fer-ouagadougou-abidjan-plus-de-80-milliards-de-f-cfa-deja-injectes-dans-les-equipements-et-la-maintenance-de-la-voie-feree\/","title":{"rendered":"CHEMIN DE FER OUAGADOUGOU-ABIDJAN : Plus de 80 milliards de F CFA d\u00e9j\u00e0 inject\u00e9s dans les \u00e9quipements et la maintenance de la voie f\u00e9r\u00e9e"},"content":{"rendered":"<div>\n<p><img loading=\"lazy\" decoding=\"async\" width=\"815\" height=\"544\" src=\"https:\/\/linitiative.ca\/International\/wp-content\/uploads\/sites\/23\/2022\/03\/1-Acquisition-de-nouvelles-locomotives-entre-2016-2017.jpg\" class=\"attachment- size- wp-post-image\" alt=\"\" style=\"float:left; margin:0 15px 15px 0;\" srcset=\"https:\/\/linitiative.ca\/International\/wp-content\/uploads\/sites\/23\/2022\/03\/1-Acquisition-de-nouvelles-locomotives-entre-2016-2017.jpg 815w, https:\/\/lepays.bf\/wp-content\/uploads\/2022\/03\/1-Acquisition-de-nouvelles-locomotives-entre-2016-2017-300x200.jpg 300w, https:\/\/lepays.bf\/wp-content\/uploads\/2022\/03\/1-Acquisition-de-nouvelles-locomotives-entre-2016-2017-150x100.jpg 150w, https:\/\/lepays.bf\/wp-content\/uploads\/2022\/03\/1-Acquisition-de-nouvelles-locomotives-entre-2016-2017-768x513.jpg 768w, https:\/\/lepays.bf\/wp-content\/uploads\/2022\/03\/1-Acquisition-de-nouvelles-locomotives-entre-2016-2017-128x86.jpg 128w\" sizes=\"auto, (max-width: 815px) 100vw, 815px\">SITARAIL est engag\u00e9e dans un partenariat public-priv\u00e9 avec la C\u00f4te d\u2019Ivoire et le Burkina Faso depuis 1994. Apr\u00e8s une p\u00e9riode de n\u00e9gociations entam\u00e9es depuis mai 2014, afin de d\u00e9finir les modalit\u00e9s d\u2019une restructuration profonde du r\u00e9seau ferr\u00e9, les autorit\u00e9s burkinab\u00e8 et ivoiriennes et SITARAIL ont [\u2026]<\/p>\n<p>L\u2019article <a rel=\"nofollow\" href=\"https:\/\/lepays.bf\/chemin-de-fer-ouagadougou-abidjan-plus-de-80-milliards-de-f-cfa-deja-injectes-dans-les-equipements-et-la-maintenance-de-la-voie-feree\/\">CHEMIN DE FER OUAGADOUGOU-ABIDJAN : Plus de 80 milliards de F CFA d\u00e9j\u00e0 inject\u00e9s dans les \u00e9quipements et la maintenance de la voie f\u00e9r\u00e9e<\/a> est apparu en premier sur <a rel=\"nofollow\" href=\"https:\/\/lepays.bf\/\">Editions Le Pays<\/a>.<\/p>\n<\/div>\n<p>Auteur: Editions LEPAYS<br \/>\n<a href=\"https:\/\/lepays.bf\/chemin-de-fer-ouagadougou-abidjan-plus-de-80-milliards-de-f-cfa-deja-injectes-dans-les-equipements-et-la-maintenance-de-la-voie-feree\/\">Cliquez ici pour lire l&rsquo;article depuis sa source.<\/a><\/p>\n","protected":false},"excerpt":{"rendered":"<p>SITARAIL est engag\u00e9e dans un partenariat public-priv\u00e9 avec la C\u00f4te d\u2019Ivoire et le Burkina Faso depuis 1994. Apr\u00e8s une p\u00e9riode de n\u00e9gociations entam\u00e9es depuis mai 2014, afin de d\u00e9finir les modalit\u00e9s d\u2019une restructuration profonde du r\u00e9seau ferr\u00e9, les autorit\u00e9s burkinab\u00e8 et ivoiriennes et SITARAIL ont [\u2026] L\u2019article CHEMIN DE FER OUAGADOUGOU-ABIDJAN : Plus de 80 [&hellip;]<\/p>\n","protected":false},"author":1813,"featured_media":0,"comment_status":"closed","ping_status":"closed","sticky":false,"template":"","format":"standard","meta":{"fifu_image_url":"https:\/\/lepays.bf\/wp-content\/uploads\/2022\/03\/1-Acquisition-de-nouvelles-locomotives-entre-2016-2017.jpg","fifu_image_alt":"CHEMIN DE FER OUAGADOUGOU-ABIDJAN : Plus de 80 milliards de F CFA d\u00e9j\u00e0 inject\u00e9s dans les \u00e9quipements et la maintenance de la voie f\u00e9r\u00e9e","footnotes":""},"categories":[73,81],"tags":[],"class_list":["post-143960","post","type-post","status-publish","format-standard","hentry","category-actualite","category-burkina-faso"],"_links":{"self":[{"href":"https:\/\/linitiative.ca\/International\/wp-json\/wp\/v2\/posts\/143960","targetHints":{"allow":["GET"]}}],"collection":[{"href":"https:\/\/linitiative.ca\/International\/wp-json\/wp\/v2\/posts"}],"about":[{"href":"https:\/\/linitiative.ca\/International\/wp-json\/wp\/v2\/types\/post"}],"author":[{"embeddable":true,"href":"https:\/\/linitiative.ca\/International\/wp-json\/wp\/v2\/users\/1813"}],"replies":[{"embeddable":true,"href":"https:\/\/linitiative.ca\/International\/wp-json\/wp\/v2\/comments?post=143960"}],"version-history":[{"count":0,"href":"https:\/\/linitiative.ca\/International\/wp-json\/wp\/v2\/posts\/143960\/revisions"}],"wp:attachment":[{"href":"https:\/\/linitiative.ca\/International\/wp-json\/wp\/v2\/media?parent=143960"}],"wp:term":[{"taxonomy":"category","embeddable":true,"href":"https:\/\/linitiative.ca\/International\/wp-json\/wp\/v2\/categories?post=143960"},{"taxonomy":"post_tag","embeddable":true,"href":"https:\/\/linitiative.ca\/International\/wp-json\/wp\/v2\/tags?post=143960"}],"curies":[{"name":"wp","href":"https:\/\/api.w.org\/{rel}","templated":true}]}}