{"id":143963,"date":"2022-03-24T19:17:39","date_gmt":"2022-03-24T23:17:39","guid":{"rendered":"https:\/\/linitiative.ca\/International\/reconciliation-nationale-la-contribution-des-coutumiers-et-des-religieux-sollicitee\/"},"modified":"2022-03-24T19:17:39","modified_gmt":"2022-03-24T23:17:39","slug":"reconciliation-nationale-la-contribution-des-coutumiers-et-des-religieux-sollicitee","status":"publish","type":"post","link":"https:\/\/linitiative.ca\/International\/reconciliation-nationale-la-contribution-des-coutumiers-et-des-religieux-sollicitee\/","title":{"rendered":"R\u00e9conciliation nationale : La contribution des coutumiers  et des religieux sollicit\u00e9e"},"content":{"rendered":"<div>\n<p><strong>Des d\u00e9l\u00e9gations de la chefferie coutumi\u00e8re, des communaut\u00e9s catholique, \u00e9vang\u00e9lique et musulmane du Burkina Faso ont, tour \u00e0 tour, \u00e9t\u00e9 re\u00e7ues, le jeudi 24 mars 2022, par le chef de l\u2019Etat, Paul-Henri Sandaogo Damiba <\/strong><\/p>\n<p>Le pr\u00e9sident du Faso, le lieutenant-colonel Paul-Henri Sandaogo Damiba, a re\u00e7u, ce jeudi, \u00e0 tour de r\u00f4le, une d\u00e9l\u00e9gation de la chefferie coutumi\u00e8re, puis des responsables des communaut\u00e9s catholique, \u00e9vang\u00e9lique et musulmane du Burkina Faso. C\u2019\u00e9tait au cours de la journ\u00e9e du jeudi 24 mars 2022 \u00e0 Ouagadougou.<\/p>\n<p>Les \u00e9changes avec le chef de l\u2019Etat ont port\u00e9 sur la situation nationale et les contributions possibles de ces diff\u00e9rentes communaut\u00e9s \u00e0 une mise en \u0153uvre r\u00e9ussie de la Transition par la restauration de la paix et de la s\u00e9curit\u00e9. Le pr\u00e9sident du Faso a \u00e9galement sollicit\u00e9 de ces leaders coutumiers et religieux, leur investissement au renforcement de la coh\u00e9sion sociale et du vivre-ensemble dans une dynamique unitaire afin d\u2019aider le pays \u00e0 aller \u00e0 la r\u00e9conciliation nationale.<\/p>\n<p>A l\u2019issue des audiences, les porte-paroles des d\u00e9l\u00e9gations ont affirm\u00e9 \u00eatre pr\u00e9occup\u00e9s par la situation s\u00e9curitaire au Burkina Faso et ses cons\u00e9quences. Ils ont, par ailleurs, d\u00e9clar\u00e9 \u00eatre dispos\u00e9s \u00e0 travailler au retour de la paix, de la s\u00e9curit\u00e9 ainsi qu\u2019au renforcement de la coh\u00e9sion sociale, source d\u2019une r\u00e9conciliation r\u00e9ussie.<\/p>\n<p>Les d\u00e9l\u00e9gations des chefs coutumiers, de la communaut\u00e9 catholique, de la communaut\u00e9 \u00e9vang\u00e9lique et de la communaut\u00e9 musulmane ont aussi soulign\u00e9 leur volont\u00e9 d\u2019accompagner le chef de l\u2019Etat \u00e0 relever les d\u00e9fis actuels du Burkina Faso.<\/p>\n<p style=\"text-align: right\"><strong>Direction de la communication de la Pr\u00e9sidence du Faso<\/strong><\/p>\n<p>L\u2019article <a rel=\"nofollow\" href=\"https:\/\/www.sidwaya.info\/blog\/2022\/03\/24\/reconciliation-nationale-la-contribution-des-coutumiers-et-des-religieux-sollicitee\/\">R\u00e9conciliation nationale : La contribution des coutumiers  et des religieux sollicit\u00e9e<\/a> est apparu en premier sur <a rel=\"nofollow\" href=\"https:\/\/www.sidwaya.info\/\">Quotidien Sidwaya<\/a>.<\/p>\n<\/div>\n<p>Auteur: JK. Sidwaya<br \/>\n<a href=\"https:\/\/www.sidwaya.info\/blog\/2022\/03\/24\/reconciliation-nationale-la-contribution-des-coutumiers-et-des-religieux-sollicitee\/?utm_source=rss&#038;utm_medium=rss&#038;utm_campaign=reconciliation-nationale-la-contribution-des-coutumiers-et-des-religieux-sollicitee\">Cliquez ici pour lire l&rsquo;article depuis sa source.<\/a><\/p>\n","protected":false},"excerpt":{"rendered":"<p>Des d\u00e9l\u00e9gations de la chefferie coutumi\u00e8re, des communaut\u00e9s catholique, \u00e9vang\u00e9lique et musulmane du Burkina Faso ont, tour \u00e0 tour, \u00e9t\u00e9 re\u00e7ues, le jeudi 24 mars 2022, par le chef de l\u2019Etat, Paul-Henri Sandaogo Damiba Le pr\u00e9sident du Faso, le lieutenant-colonel Paul-Henri Sandaogo Damiba, a re\u00e7u, ce jeudi, \u00e0 tour de r\u00f4le, une d\u00e9l\u00e9gation de la [&hellip;]<\/p>\n","protected":false},"author":1816,"featured_media":0,"comment_status":"closed","ping_status":"closed","sticky":false,"template":"","format":"standard","meta":{"fifu_image_url":"","fifu_image_alt":"","footnotes":""},"categories":[73,81],"tags":[],"class_list":["post-143963","post","type-post","status-publish","format-standard","hentry","category-actualite","category-burkina-faso"],"_links":{"self":[{"href":"https:\/\/linitiative.ca\/International\/wp-json\/wp\/v2\/posts\/143963","targetHints":{"allow":["GET"]}}],"collection":[{"href":"https:\/\/linitiative.ca\/International\/wp-json\/wp\/v2\/posts"}],"about":[{"href":"https:\/\/linitiative.ca\/International\/wp-json\/wp\/v2\/types\/post"}],"author":[{"embeddable":true,"href":"https:\/\/linitiative.ca\/International\/wp-json\/wp\/v2\/users\/1816"}],"replies":[{"embeddable":true,"href":"https:\/\/linitiative.ca\/International\/wp-json\/wp\/v2\/comments?post=143963"}],"version-history":[{"count":0,"href":"https:\/\/linitiative.ca\/International\/wp-json\/wp\/v2\/posts\/143963\/revisions"}],"wp:attachment":[{"href":"https:\/\/linitiative.ca\/International\/wp-json\/wp\/v2\/media?parent=143963"}],"wp:term":[{"taxonomy":"category","embeddable":true,"href":"https:\/\/linitiative.ca\/International\/wp-json\/wp\/v2\/categories?post=143963"},{"taxonomy":"post_tag","embeddable":true,"href":"https:\/\/linitiative.ca\/International\/wp-json\/wp\/v2\/tags?post=143963"}],"curies":[{"name":"wp","href":"https:\/\/api.w.org\/{rel}","templated":true}]}}