{"id":143965,"date":"2022-03-25T13:07:39","date_gmt":"2022-03-25T17:07:39","guid":{"rendered":"https:\/\/linitiative.ca\/International\/editions-sidwaya-le-synatic-fait-le-bilan-de-ses-activites\/"},"modified":"2022-03-25T13:07:39","modified_gmt":"2022-03-25T17:07:39","slug":"editions-sidwaya-le-synatic-fait-le-bilan-de-ses-activites","status":"publish","type":"post","link":"https:\/\/linitiative.ca\/International\/editions-sidwaya-le-synatic-fait-le-bilan-de-ses-activites\/","title":{"rendered":"Editions Sidwaya\u00a0: le SYNATIC fait le bilan de ses activit\u00e9s"},"content":{"rendered":"<div>\n<p><strong>Le bureau national du Syndicat autonome des travailleurs de l\u2019information et de la culture (SYNATIC) a tenu son Assembl\u00e9e g\u00e9n\u00e9rale, le jeudi 24 mars 2022, dans la salle de R\u00e9daction des Editions Sidwaya.\u00a0 Au cours de cette rencontre, deux sujets ont principalement domin\u00e9 les \u00e9changes.\u00a0 Il s\u2019agit notamment des informations relatives aux activit\u00e9s du syndicat et la dynamisation du Comit\u00e9 des Editions Sidwaya. <\/strong><\/p>\n<p>\u00a0<\/p>\n<p>S\u2019agissant du premier sujet, le Secr\u00e9taire g\u00e9n\u00e9ral du Syndicat, Siriki Dram\u00e9 a fait le point\u00a0 de la rencontre entre les membres du bureau et le chef de l\u2019Etat sur la situation nationale. Concernant le deuxi\u00e8me point,\u00a0il a \u00e9t\u00e9 consacr\u00e9 \u00e0 l\u2019\u00e9lection des nouveaux membres de la section SYNATIC de Sidwaya.\u00a0 A ce titre, Ruffin Par\u00e9 a \u00e9t\u00e9 reconduit au poste de\u00a0 Secr\u00e9taire g\u00e9n\u00e9ral de la section. Quant aux autres membres, le choix de l\u2019Assembl\u00e9e s\u2019est port\u00e9 sur Nad\u00e8ge Y\u00e9, Emmanuel Bicaba, Joseph Kinda et Achille Ou\u00e9draogo, respectivement Secr\u00e9taire \u00e0 l\u2019information, Secr\u00e9taire aux affaires sociales, Secr\u00e9taire \u00e0 l\u2019organisation et Tr\u00e9sorier. Ce cadre de concertation a \u00e9t\u00e9 \u00e9galement une occasion pour le bureau sortant de faire le point de son bilan moral et financier. <img decoding=\"async\" loading=\"lazy\" class=\"alignnone wp-image-47182 size-full\" src=\"https:\/\/linitiative.ca\/International\/wp-content\/uploads\/sites\/23\/2022\/03\/SY2.jpg\" alt=\"\" width=\"800\" height=\"600\" srcset=\"https:\/\/linitiative.ca\/International\/wp-content\/uploads\/sites\/23\/2022\/03\/SY2.jpg 800w, https:\/\/www.sidwaya.info\/wp-content\/uploads\/2022\/03\/SY2-300x225.jpg 300w, https:\/\/www.sidwaya.info\/wp-content\/uploads\/2022\/03\/SY2-768x576.jpg 768w, https:\/\/www.sidwaya.info\/wp-content\/uploads\/2022\/03\/SY2-150x113.jpg 150w, https:\/\/www.sidwaya.info\/wp-content\/uploads\/2022\/03\/SY2-696x522.jpg 696w, https:\/\/www.sidwaya.info\/wp-content\/uploads\/2022\/03\/SY2-560x420.jpg 560w, https:\/\/www.sidwaya.info\/wp-content\/uploads\/2022\/03\/SY2-80x60.jpg 80w, https:\/\/www.sidwaya.info\/wp-content\/uploads\/2022\/03\/SY2-265x198.jpg 265w\" sizes=\"auto, (max-width: 800px) 100vw, 800px\">Au titre du bilan moral, on peut citer, entre autres, la participation de la section \u00e0 la lutte du bureau national autour de la transformation des m\u00e9dias publics en soci\u00e9t\u00e9s d\u2019Etat, le plaidoyer pour l\u2019organisation des concours et examens professionnels aux profits des contractuels, rencontre d\u2019\u00e9changes avec les travailleurs de l\u2019AIB sur le d\u00e9crochage de l\u2019agence des Editions \u00a0Sidwaya. Il faut \u00e9galement rappeler \u00a0que la section, sur invitation de la Direction g\u00e9n\u00e9rale, a particip\u00e9 \u00e0 l\u2019\u00e9laboration d\u2019un plan strat\u00e9gique des Editions Sidwaya, \u00e0 la description des postes de travail, \u00e0 la d\u00e9lib\u00e9ration des concours directs de recrutement des contractuels Sidwaya. Pour ce qui est du bilan financier, il ressort que le bureau a pu b\u00e9n\u00e9ficier de la subvention de la Direction g\u00e9n\u00e9rale en 2019 et en 2021. Ainsi, la subvention de 2019 a permis d\u2019organiser une journ\u00e9e syndicale. Quant \u00e0 celle de 2021, elle a servi \u00e0 assister des membres qui \u00e9taient dans des situations difficiles.<\/p>\n<p><strong>Service communication des Editions Sidwaya <\/strong><\/p>\n<p>L\u2019article <a rel=\"nofollow\" href=\"https:\/\/www.sidwaya.info\/blog\/2022\/03\/25\/editions-sidwaya-le-synatic-fait-le-bilan-de-ses-activites\/\">Editions Sidwaya\u00a0: le SYNATIC fait le bilan de ses activit\u00e9s<\/a> est apparu en premier sur <a rel=\"nofollow\" href=\"https:\/\/www.sidwaya.info\/\">Quotidien Sidwaya<\/a>.<\/p>\n<\/div>\n<p>Auteur: BS. Sidwaya<br \/>\n<a href=\"https:\/\/www.sidwaya.info\/blog\/2022\/03\/25\/editions-sidwaya-le-synatic-fait-le-bilan-de-ses-activites\/?utm_source=rss&#038;utm_medium=rss&#038;utm_campaign=editions-sidwaya-le-synatic-fait-le-bilan-de-ses-activites\">Cliquez ici pour lire l&rsquo;article depuis sa source.<\/a><\/p>\n","protected":false},"excerpt":{"rendered":"<p>Le bureau national du Syndicat autonome des travailleurs de l\u2019information et de la culture (SYNATIC) a tenu son Assembl\u00e9e g\u00e9n\u00e9rale, le jeudi 24 mars 2022, dans la salle de R\u00e9daction des Editions Sidwaya.\u00a0 Au cours de cette rencontre, deux sujets ont principalement domin\u00e9 les \u00e9changes.\u00a0 Il s\u2019agit notamment des informations relatives aux activit\u00e9s du syndicat [&hellip;]<\/p>\n","protected":false},"author":1816,"featured_media":0,"comment_status":"closed","ping_status":"closed","sticky":false,"template":"","format":"standard","meta":{"fifu_image_url":"https:\/\/www.sidwaya.info\/wp-content\/uploads\/2022\/03\/SY2.jpg","fifu_image_alt":"Editions Sidwaya\u00a0: le SYNATIC fait le bilan de ses activit\u00e9s","footnotes":""},"categories":[73,81],"tags":[],"class_list":["post-143965","post","type-post","status-publish","format-standard","hentry","category-actualite","category-burkina-faso"],"_links":{"self":[{"href":"https:\/\/linitiative.ca\/International\/wp-json\/wp\/v2\/posts\/143965","targetHints":{"allow":["GET"]}}],"collection":[{"href":"https:\/\/linitiative.ca\/International\/wp-json\/wp\/v2\/posts"}],"about":[{"href":"https:\/\/linitiative.ca\/International\/wp-json\/wp\/v2\/types\/post"}],"author":[{"embeddable":true,"href":"https:\/\/linitiative.ca\/International\/wp-json\/wp\/v2\/users\/1816"}],"replies":[{"embeddable":true,"href":"https:\/\/linitiative.ca\/International\/wp-json\/wp\/v2\/comments?post=143965"}],"version-history":[{"count":0,"href":"https:\/\/linitiative.ca\/International\/wp-json\/wp\/v2\/posts\/143965\/revisions"}],"wp:attachment":[{"href":"https:\/\/linitiative.ca\/International\/wp-json\/wp\/v2\/media?parent=143965"}],"wp:term":[{"taxonomy":"category","embeddable":true,"href":"https:\/\/linitiative.ca\/International\/wp-json\/wp\/v2\/categories?post=143965"},{"taxonomy":"post_tag","embeddable":true,"href":"https:\/\/linitiative.ca\/International\/wp-json\/wp\/v2\/tags?post=143965"}],"curies":[{"name":"wp","href":"https:\/\/api.w.org\/{rel}","templated":true}]}}