{"id":143967,"date":"2022-03-25T13:28:56","date_gmt":"2022-03-25T17:28:56","guid":{"rendered":"https:\/\/linitiative.ca\/International\/cote-divoire-la-crise-en-ukraine-touche-le-prix-du-pain\/"},"modified":"2022-03-25T13:28:56","modified_gmt":"2022-03-25T17:28:56","slug":"cote-divoire-la-crise-en-ukraine-touche-le-prix-du-pain","status":"publish","type":"post","link":"https:\/\/linitiative.ca\/International\/cote-divoire-la-crise-en-ukraine-touche-le-prix-du-pain\/","title":{"rendered":"C\u00f4te d\u2019Ivoire\u00a0: La crise en Ukraine touche le prix du pain\u00a0\u00a0\u00a0"},"content":{"rendered":"<div>\n<p>La guerre en Ukraine a des\u00a0 cons\u00e9quences sur le prix du pain, le pays \u00e9tant l\u2019un des gros producteurs de bl\u00e9. En effet, dans plusieurs pays du continent, on constate une hausse des prix du bl\u00e9. En C\u00f4te d\u2019Ivoire, la farine est pass\u00e9e de 11.250 FCFA \u00e0 21.250 FCFA pour le sac de 50 kg, soit une augmentation de pr\u00e8s de 97%, et le gaz de 350f\/kg \u00e0 750 f\/kg avec une progression de 100%.Pour faire face \u00e0 cette situation, les organisations patronales des boulangers proposent la baguette standard \u00e0 150 FCFA pour un poids compris entre 142g-174g \u00a0(contre un grammage entre 193g-228g actuellement homologu\u00e9) et annoncent une baguette am\u00e9lior\u00e9e \u00e0 200 FCFA entre 175g-207g. Dans une d\u00e9claration relay\u00e9e par\u00a0 l\u2019Agence de presse africaine (APA), elles expliquent que ces prix vont <em>\u00ab\u00a0pr\u00e9server l\u2019\u00e9quilibre dans la cha\u00eene de valeur du secteur bl\u00e9-farine-boulangerie en C\u00f4te d\u2019Ivoire\u00a0\u00bb.<\/em><\/p>\n<p>A.K<\/p>\n<p>\u00a0<\/p>\n<p>L\u2019article <a rel=\"nofollow\" href=\"https:\/\/www.sidwaya.info\/blog\/2022\/03\/25\/cote-divoire-la-crise-en-ukraine-touche-le-prix-du-pain\/\">C\u00f4te d\u2019Ivoire\u00a0: La crise en Ukraine touche le prix du pain\u00a0\u00a0\u00a0<\/a> est apparu en premier sur <a rel=\"nofollow\" href=\"https:\/\/www.sidwaya.info\/\">Quotidien Sidwaya<\/a>.<\/p>\n<\/div>\n<p>Auteur: BS. Sidwaya<br \/>\n<a href=\"https:\/\/www.sidwaya.info\/blog\/2022\/03\/25\/cote-divoire-la-crise-en-ukraine-touche-le-prix-du-pain\/?utm_source=rss&#038;utm_medium=rss&#038;utm_campaign=cote-divoire-la-crise-en-ukraine-touche-le-prix-du-pain\">Cliquez ici pour lire l&rsquo;article depuis sa source.<\/a><\/p>\n","protected":false},"excerpt":{"rendered":"<p>La guerre en Ukraine a des\u00a0 cons\u00e9quences sur le prix du pain, le pays \u00e9tant l\u2019un des gros producteurs de bl\u00e9. En effet, dans plusieurs pays du continent, on constate une hausse des prix du bl\u00e9. En C\u00f4te d\u2019Ivoire, la farine est pass\u00e9e de 11.250 FCFA \u00e0 21.250 FCFA pour le sac de 50 kg, [&hellip;]<\/p>\n","protected":false},"author":1816,"featured_media":0,"comment_status":"closed","ping_status":"closed","sticky":false,"template":"","format":"standard","meta":{"fifu_image_url":"","fifu_image_alt":"","footnotes":""},"categories":[73,81],"tags":[],"class_list":["post-143967","post","type-post","status-publish","format-standard","hentry","category-actualite","category-burkina-faso"],"_links":{"self":[{"href":"https:\/\/linitiative.ca\/International\/wp-json\/wp\/v2\/posts\/143967","targetHints":{"allow":["GET"]}}],"collection":[{"href":"https:\/\/linitiative.ca\/International\/wp-json\/wp\/v2\/posts"}],"about":[{"href":"https:\/\/linitiative.ca\/International\/wp-json\/wp\/v2\/types\/post"}],"author":[{"embeddable":true,"href":"https:\/\/linitiative.ca\/International\/wp-json\/wp\/v2\/users\/1816"}],"replies":[{"embeddable":true,"href":"https:\/\/linitiative.ca\/International\/wp-json\/wp\/v2\/comments?post=143967"}],"version-history":[{"count":0,"href":"https:\/\/linitiative.ca\/International\/wp-json\/wp\/v2\/posts\/143967\/revisions"}],"wp:attachment":[{"href":"https:\/\/linitiative.ca\/International\/wp-json\/wp\/v2\/media?parent=143967"}],"wp:term":[{"taxonomy":"category","embeddable":true,"href":"https:\/\/linitiative.ca\/International\/wp-json\/wp\/v2\/categories?post=143967"},{"taxonomy":"post_tag","embeddable":true,"href":"https:\/\/linitiative.ca\/International\/wp-json\/wp\/v2\/tags?post=143967"}],"curies":[{"name":"wp","href":"https:\/\/api.w.org\/{rel}","templated":true}]}}