{"id":143968,"date":"2022-03-25T11:18:03","date_gmt":"2022-03-25T15:18:03","guid":{"rendered":"https:\/\/linitiative.ca\/International\/sommet-les-27-et-28-mars-entre-les-ministres-des-ae-americain-israelien-marocain-et-emirati\/"},"modified":"2022-03-25T11:18:03","modified_gmt":"2022-03-25T15:18:03","slug":"sommet-les-27-et-28-mars-entre-les-ministres-des-ae-americain-israelien-marocain-et-emirati","status":"publish","type":"post","link":"https:\/\/linitiative.ca\/International\/sommet-les-27-et-28-mars-entre-les-ministres-des-ae-americain-israelien-marocain-et-emirati\/","title":{"rendered":"Sommet les 27 et 28 mars entre les ministres des AE am\u00e9ricain, isra\u00e9lien, marocain et \u00e9mirati"},"content":{"rendered":"<div>\n<p><img decoding=\"async\" width=\"660\" height=\"377\" src=\"https:\/\/linitiative.ca\/International\/wp-content\/uploads\/sites\/23\/2022\/03\/16482214837640.jpg\" class=\"attachment-post-thumbnail size-post-thumbnail wp-post-image\" alt=\"\" loading=\"lazy\" srcset=\"https:\/\/linitiative.ca\/International\/wp-content\/uploads\/sites\/23\/2022\/03\/16482214837640.jpg 660w, https:\/\/www.journalducameroun.com\/wp-content\/uploads\/2022\/03\/16482214837640-300x171.jpg 300w, https:\/\/www.journalducameroun.com\/wp-content\/uploads\/2022\/03\/16482214837640-160x90.jpg 160w, https:\/\/www.journalducameroun.com\/wp-content\/uploads\/2022\/03\/16482214837640-350x200.jpg 350w, https:\/\/www.journalducameroun.com\/wp-content\/uploads\/2022\/03\/16482214837640-600x343.jpg 600w\" sizes=\"auto, (max-width: 660px) 100vw, 660px\"><\/p>\n<p>Le minist\u00e8re isra\u00e9lien des Affaires \u00e9trang\u00e8res a annonc\u00e9, ce vendredi, la tenue d&rsquo;un sommet historique, avec la participation du Maroc, des Etats-Unis, des Emirats arabes unis et du Bahre\u00efn.\u00a0\u00abA l&rsquo;invitation du ministre des Affaires \u00e9trang\u00e8res, Ya\u00efr Lapid, ces dimanche et lundi prochains, un sommet diplomatique historique se tiendra en Isra\u00ebl\u00bb, a indiqu\u00e9 le minist\u00e8re sur Twitter.<\/p>\n<p>\u00abLe secr\u00e9taire d&rsquo;Etat am\u00e9ricain et les ministres des Affaires \u00e9trang\u00e8res des Emirats arabes unis, du Maroc et de Bahre\u00efn arriveront en Isra\u00ebl pour une s\u00e9rie de rencontres diplomatiques\u00bb, a-t-il ajout\u00e9.<\/p>\n<p>\t\u00a0<\/p>\n<p>Le chef de la diplomatie am\u00e9ricaine Antony Blinken, va se rendre en Isra\u00ebl, en Cisjordanie, au Maroc et en Alg\u00e9rie du 26 au 30 mars.<\/p>\n<p>Au Maroc, il rencontrera notamment le ministre des Affaires \u00e9trang\u00e8res, Nasser Bourita, pour \u00e9changer des points de vue sur les questions r\u00e9gionales et la coop\u00e9ration bilat\u00e9rale, ainsi que sur la progression des droits humains et des libert\u00e9s fondamentales.<\/p>\n<p>A Rabat, le chef de la diplomatie am\u00e9ricaine rencontrera \u00e9galement le prince h\u00e9ritier d&rsquo;Abou Dhabi, Mohammed ben Zayed.<\/p>\n<p>Cet article <a rel=\"nofollow\" href=\"https:\/\/www.journalducameroun.com\/sommet-les-27-et-28-mars-entre-les-ministres-des-ae-americain-israelien-marocain-et-emirati\/\">Sommet les 27 et 28 mars entre les ministres des AE am\u00e9ricain, isra\u00e9lien, marocain et \u00e9mirati<\/a> est apparu en premier sur <a rel=\"nofollow\" href=\"https:\/\/www.journalducameroun.com\/\">Journal du Cameroun<\/a>.<\/p>\n<\/div>\n<p>Auteur: APA News<br \/>\n<a href=\"https:\/\/www.journalducameroun.com\/sommet-les-27-et-28-mars-entre-les-ministres-des-ae-americain-israelien-marocain-et-emirati\/\">Cliquez ici pour lire l&rsquo;article depuis sa source.<\/a><\/p>\n","protected":false},"excerpt":{"rendered":"<p>Le minist\u00e8re isra\u00e9lien des Affaires \u00e9trang\u00e8res a annonc\u00e9, ce vendredi, la tenue d&rsquo;un sommet historique, avec la participation du Maroc, des Etats-Unis, des Emirats arabes unis et du Bahre\u00efn.\u00a0\u00abA l&rsquo;invitation du ministre des Affaires \u00e9trang\u00e8res, Ya\u00efr Lapid, ces dimanche et lundi prochains, un sommet diplomatique historique se tiendra en Isra\u00ebl\u00bb, a indiqu\u00e9 le minist\u00e8re sur [&hellip;]<\/p>\n","protected":false},"author":1965,"featured_media":0,"comment_status":"closed","ping_status":"closed","sticky":false,"template":"","format":"standard","meta":{"fifu_image_url":"https:\/\/www.journalducameroun.com\/wp-content\/uploads\/2022\/03\/16482214837640.jpg","fifu_image_alt":"Sommet les 27 et 28 mars entre les ministres des AE am\u00e9ricain, isra\u00e9lien, marocain et \u00e9mirati","footnotes":""},"categories":[73,82],"tags":[],"class_list":["post-143968","post","type-post","status-publish","format-standard","hentry","category-actualite","category-cameroun"],"_links":{"self":[{"href":"https:\/\/linitiative.ca\/International\/wp-json\/wp\/v2\/posts\/143968","targetHints":{"allow":["GET"]}}],"collection":[{"href":"https:\/\/linitiative.ca\/International\/wp-json\/wp\/v2\/posts"}],"about":[{"href":"https:\/\/linitiative.ca\/International\/wp-json\/wp\/v2\/types\/post"}],"author":[{"embeddable":true,"href":"https:\/\/linitiative.ca\/International\/wp-json\/wp\/v2\/users\/1965"}],"replies":[{"embeddable":true,"href":"https:\/\/linitiative.ca\/International\/wp-json\/wp\/v2\/comments?post=143968"}],"version-history":[{"count":0,"href":"https:\/\/linitiative.ca\/International\/wp-json\/wp\/v2\/posts\/143968\/revisions"}],"wp:attachment":[{"href":"https:\/\/linitiative.ca\/International\/wp-json\/wp\/v2\/media?parent=143968"}],"wp:term":[{"taxonomy":"category","embeddable":true,"href":"https:\/\/linitiative.ca\/International\/wp-json\/wp\/v2\/categories?post=143968"},{"taxonomy":"post_tag","embeddable":true,"href":"https:\/\/linitiative.ca\/International\/wp-json\/wp\/v2\/tags?post=143968"}],"curies":[{"name":"wp","href":"https:\/\/api.w.org\/{rel}","templated":true}]}}