{"id":143970,"date":"2022-03-25T11:43:19","date_gmt":"2022-03-25T15:43:19","guid":{"rendered":"https:\/\/linitiative.ca\/International\/electricite-le-cameroun-veut-adherer-a-lalliance-solaire-internationale\/"},"modified":"2022-03-25T11:43:19","modified_gmt":"2022-03-25T15:43:19","slug":"electricite-le-cameroun-veut-adherer-a-lalliance-solaire-internationale","status":"publish","type":"post","link":"https:\/\/linitiative.ca\/International\/electricite-le-cameroun-veut-adherer-a-lalliance-solaire-internationale\/","title":{"rendered":"\u00c9lectricit\u00e9\u00a0: le Cameroun veut adh\u00e9rer \u00e0 l\u2019Alliance solaire internationale"},"content":{"rendered":"<div>\n<p><img decoding=\"async\" width=\"1200\" height=\"675\" src=\"https:\/\/linitiative.ca\/International\/wp-content\/uploads\/sites\/23\/2022\/03\/energie.jpg\" class=\"attachment-post-thumbnail size-post-thumbnail wp-post-image\" alt=\"\" loading=\"lazy\" srcset=\"https:\/\/linitiative.ca\/International\/wp-content\/uploads\/sites\/23\/2022\/03\/energie.jpg 1200w, https:\/\/www.journalducameroun.com\/wp-content\/uploads\/2022\/03\/energie-300x169.jpg 300w, https:\/\/www.journalducameroun.com\/wp-content\/uploads\/2022\/03\/energie-1024x576.jpg 1024w, https:\/\/www.journalducameroun.com\/wp-content\/uploads\/2022\/03\/energie-768x432.jpg 768w, https:\/\/www.journalducameroun.com\/wp-content\/uploads\/2022\/03\/energie-780x440.jpg 780w, https:\/\/www.journalducameroun.com\/wp-content\/uploads\/2022\/03\/energie-380x215.jpg 380w, https:\/\/www.journalducameroun.com\/wp-content\/uploads\/2022\/03\/energie-160x90.jpg 160w, https:\/\/www.journalducameroun.com\/wp-content\/uploads\/2022\/03\/energie-240x135.jpg 240w, https:\/\/www.journalducameroun.com\/wp-content\/uploads\/2022\/03\/energie-782x440.jpg 782w, https:\/\/www.journalducameroun.com\/wp-content\/uploads\/2022\/03\/energie-600x338.jpg 600w\" sizes=\"auto, (max-width: 1200px) 100vw, 1200px\"><\/p>\n<h2 style=\"text-align: justify;\">Le projet de loi en \u00e9tude au parlement pourrait \u00eatre une alternative aux coupures intempestives de courant \u00e9lectrique.<\/h2>\n<p style=\"text-align: justify;\">Au <strong>parlement<\/strong>, la question de coupure d\u2019\u00e9nergie pr\u00e9occupe. Le gouvernement vient de d\u00e9poser au parlement un projet de loi autorisant le pr\u00e9sident de la R\u00e9publique \u00e0 ratifier l\u2019accord-cadre portant cr\u00e9ation de l\u2019<strong>Alliance solaire internationale<\/strong> (ASI).<\/p>\n<p style=\"text-align: justify;\">Selon <strong>Gaston Eloundou Essomba<\/strong>, ministre de <strong>l\u2019Eau et de l\u2019\u00c9nergie<\/strong>, l\u2019adh\u00e9sion du Cameroun \u00e0 l\u2019<strong>ASI<\/strong> permettra de b\u00e9n\u00e9ficier de nombreux avantages. Ce dernier cite l\u2019acc\u00e8s aux technologies solaires innovantes et aux financements ad\u00e9quats n\u00e9cessaires pour le d\u00e9veloppement des \u00e9quipements de production d\u2019\u00e9nergie solaire.<\/p>\n<p style=\"text-align: justify;\">Ce qui permettra de diversifier les sources de production du pays, d\u2019assurer la s\u00e9curit\u00e9 de l\u2019approvisionnement \u00e9nerg\u00e9tique surtout dans la partie septentrionale et de r\u00e9duire l\u2019empreinte \u00e9cologique ainsi que les \u00e9missions de gaz \u00e0 effet de serre.<\/p>\n<p style=\"text-align: justify;\">\u00ab\u2009<em>L\u2019adh\u00e9sion de notre pays \u00e0 l\u2019Alliance solaire internationale viendra \u00e0 coup s\u00fbr booster la mise en \u0153uvre de plusieurs autres projets solaires pour lesquels nous pourrons b\u00e9n\u00e9ficier non seulement des technologies innovantes, mais aussi des financements y aff\u00e9rents<\/em>\u2009\u00bb<\/p>\n<p style=\"text-align: justify;\">En 2019, la capacit\u00e9 de production d\u2019\u00e9nergie renouvelable \u00e9tait \u00e9valu\u00e9e \u00e0 moins de 1%.\u00a0 Selon une \u00e9tude transmise au Minee en 2019, le Cameroun vise une production de 25% d\u2019\u00e9nergies renouvelables \u00e0 l\u2019horizon 2030\u00a0; soit 11% de la petite hydro\u00e9lectricit\u00e9, 7% pour la biomasse, 6% pour l\u2019\u00e9nergie solaire photovolta\u00efque et 1% de l\u2019\u00e9nergie \u00e9olienne.<\/p>\n<p style=\"text-align: justify;\">L\u2019ASI est une initiative franco-indienne, lanc\u00e9e \u00e0 Paris le 30\u00a0novembre 2015 en marge de la 21<sup>e<\/sup>\u00a0Conf\u00e9rence des Parties (COP\u00a021) sur les changements climatiques, afin de mettre en place un m\u00e9canisme efficace de coordination et de d\u00e9cision pour \u00ab\u2009<em>augmenter de mani\u00e8re significative la production d\u2019\u00e9lectricit\u00e9 solaire<\/em>\u2009\u00bb.<\/p>\n<p>Cet article <a rel=\"nofollow\" href=\"https:\/\/www.journalducameroun.com\/electricite-le-cameroun-veut-adherer-a-lalliance-solaire-internationale\/\">\u00c9lectricit\u00e9\u00a0: le Cameroun veut adh\u00e9rer \u00e0 l\u2019Alliance solaire internationale<\/a> est apparu en premier sur <a rel=\"nofollow\" href=\"https:\/\/www.journalducameroun.com\/\">Journal du Cameroun<\/a>.<\/p>\n<\/div>\n<p>Auteur: Esther FOSSI<br \/>\n<a href=\"https:\/\/www.journalducameroun.com\/electricite-le-cameroun-veut-adherer-a-lalliance-solaire-internationale\/\">Cliquez ici pour lire l&rsquo;article depuis sa source.<\/a><\/p>\n","protected":false},"excerpt":{"rendered":"<p>Le projet de loi en \u00e9tude au parlement pourrait \u00eatre une alternative aux coupures intempestives de courant \u00e9lectrique. Au parlement, la question de coupure d\u2019\u00e9nergie pr\u00e9occupe. Le gouvernement vient de d\u00e9poser au parlement un projet de loi autorisant le pr\u00e9sident de la R\u00e9publique \u00e0 ratifier l\u2019accord-cadre portant cr\u00e9ation de l\u2019Alliance solaire internationale (ASI). Selon Gaston [&hellip;]<\/p>\n","protected":false},"author":1965,"featured_media":0,"comment_status":"closed","ping_status":"closed","sticky":false,"template":"","format":"standard","meta":{"fifu_image_url":"https:\/\/www.journalducameroun.com\/wp-content\/uploads\/2022\/03\/energie.jpg","fifu_image_alt":"\u00c9lectricit\u00e9\u00a0: le Cameroun veut adh\u00e9rer \u00e0 l\u2019Alliance solaire internationale","footnotes":""},"categories":[73,82],"tags":[],"class_list":["post-143970","post","type-post","status-publish","format-standard","hentry","category-actualite","category-cameroun"],"_links":{"self":[{"href":"https:\/\/linitiative.ca\/International\/wp-json\/wp\/v2\/posts\/143970","targetHints":{"allow":["GET"]}}],"collection":[{"href":"https:\/\/linitiative.ca\/International\/wp-json\/wp\/v2\/posts"}],"about":[{"href":"https:\/\/linitiative.ca\/International\/wp-json\/wp\/v2\/types\/post"}],"author":[{"embeddable":true,"href":"https:\/\/linitiative.ca\/International\/wp-json\/wp\/v2\/users\/1965"}],"replies":[{"embeddable":true,"href":"https:\/\/linitiative.ca\/International\/wp-json\/wp\/v2\/comments?post=143970"}],"version-history":[{"count":0,"href":"https:\/\/linitiative.ca\/International\/wp-json\/wp\/v2\/posts\/143970\/revisions"}],"wp:attachment":[{"href":"https:\/\/linitiative.ca\/International\/wp-json\/wp\/v2\/media?parent=143970"}],"wp:term":[{"taxonomy":"category","embeddable":true,"href":"https:\/\/linitiative.ca\/International\/wp-json\/wp\/v2\/categories?post=143970"},{"taxonomy":"post_tag","embeddable":true,"href":"https:\/\/linitiative.ca\/International\/wp-json\/wp\/v2\/tags?post=143970"}],"curies":[{"name":"wp","href":"https:\/\/api.w.org\/{rel}","templated":true}]}}