{"id":143972,"date":"2022-03-25T12:22:06","date_gmt":"2022-03-25T16:22:06","guid":{"rendered":"https:\/\/linitiative.ca\/International\/cameroun-badminton-la-region-de-lest-championne\/"},"modified":"2022-03-25T12:22:06","modified_gmt":"2022-03-25T16:22:06","slug":"cameroun-badminton-la-region-de-lest-championne","status":"publish","type":"post","link":"https:\/\/linitiative.ca\/International\/cameroun-badminton-la-region-de-lest-championne\/","title":{"rendered":"Cameroun-Badminton: la r\u00e9gion de l\u2019Est championne"},"content":{"rendered":"<div>\n<p><img decoding=\"async\" width=\"650\" height=\"330\" src=\"https:\/\/linitiative.ca\/International\/wp-content\/uploads\/sites\/23\/2022\/03\/1346342525-badminton.jpg\" class=\"attachment-post-thumbnail size-post-thumbnail wp-post-image\" alt=\"Badminton\" loading=\"lazy\" srcset=\"https:\/\/linitiative.ca\/International\/wp-content\/uploads\/sites\/23\/2022\/03\/1346342525-badminton.jpg 650w, https:\/\/www.journalducameroun.com\/wp-content\/uploads\/2022\/03\/1346342525-badminton-300x152.jpg 300w, https:\/\/www.journalducameroun.com\/wp-content\/uploads\/2022\/03\/1346342525-badminton-600x305.jpg 600w\" sizes=\"auto, (max-width: 650px) 100vw, 650px\"><\/p>\n<h2 dir=\"auto\" style=\"text-align: justify;\">Les \u00e9quipes de la r\u00e9gion ont pris le dessus lors du tournoi national baptis\u00e9, &lsquo;Open national de la jeune fille&rsquo;.<\/h2>\n<div dir=\"auto\" style=\"text-align: justify;\">Yaound\u00e9 a abrit\u00e9 le weekend dernier une comp\u00e9tition nationale de <strong>Badminton<\/strong>. Et c&rsquo;est du c\u00f4t\u00e9 de l&rsquo;institut national de la jeunesse et des sports, <strong>Injs<\/strong> que les rencontres se disputaient.<\/div>\n<div dir=\"auto\"><\/div>\n<div dir=\"auto\" style=\"text-align: justify;\">Au terme d&rsquo;une comp\u00e9tition aussi courue qu&rsquo;\u00e9lev\u00e9e, c&rsquo;est Emat Esselem de l&rsquo;international School de Bertoua qui remporte la mise. Une victoire du c\u00f4t\u00e9 de la cat\u00e9gorie \u00e9cole primaire en simple dame. Et pour ce qui est des doubles dames, c&rsquo;est toujours Emat Esselem avec sa co\u00e9quipi\u00e8re, Dang Alang qui ont remport\u00e9 la mise. Les deux \u00e9tant du m\u00eame \u00e9tablissement.<\/div>\n<div dir=\"auto\" style=\"text-align: justify;\"><\/div>\n<div dir=\"auto\" style=\"text-align: justify;\">Au niveau des \u00e9tablissements secondaires, la r\u00e9gion de l&rsquo;<strong>Est<\/strong> s&rsquo;est \u00e9galement impos\u00e9es sur ses adversaires. Dans la cat\u00e9gorie simple, Khan Diack Woti du coll\u00e8ge adventiste de Mboma \u00e0 Bertoua a arrach\u00e9 la premi\u00e8re place. Un acte qu&rsquo;elle a r\u00e9\u00e9dit\u00e9 en double dame jouant avec Marima Tsinda du Lyc\u00e9e de Ngoa-Ekelle \u00e0 Yaound\u00e9.<\/div>\n<div dir=\"auto\" style=\"text-align: justify;\"><\/div>\n<div dir=\"auto\" style=\"text-align: justify;\">Des telles prestations ont donn\u00e9 une saveur de satisfaction aux organisateurs du tournoi, qui \u00e9tait \u00e0 son ouverture.<\/div>\n<div dir=\"auto\" style=\"text-align: justify;\"><\/div>\n<div dir=\"auto\" style=\"text-align: justify;\"><em>&lt;&lt;Pendant ce tournoi, les enfants ont eu du plaisir \u00e0 jouer au badminton. La r\u00e9gion de l&rsquo;Est a ravi la vedette aux autres r\u00e9gions participantes. C&rsquo;est la preuve que le travail se fait \u00e0 la base .<\/em><\/div>\n<div dir=\"auto\" style=\"text-align: justify;\"><em>Nous sommes en train d&rsquo;\u00e9valuer le programme \u00ab\u00a0Shuttle Time\u00a0\u00bb. Le choix d&rsquo;organiser un tournoi pour les jeunes filles c&rsquo;est parce qu&rsquo;au niveau des \u00e9quipes nationales, la gente f\u00e9minine tra\u00eene le pas. Cette comp\u00e9tition est donc une motivation suppl\u00e9mentaire&gt;&gt;<\/em> explique Andr\u00e9 Ngong, le directeur technique adjoint de la F\u00e9d\u00e9ration camerounaise de <strong>Badminton<\/strong>.<\/div>\n<div dir=\"auto\" style=\"text-align: justify;\"><\/div>\n<div dir=\"auto\" style=\"text-align: justify;\">Le tournoi a r\u00e9uni au total 40 jeunes filles des cat\u00e9gories des moins de 15 ans et des moins de 18 ans.<\/div>\n<p>Cet article <a rel=\"nofollow\" href=\"https:\/\/www.journalducameroun.com\/cameroun-badminton-la-region-de-lest-championne\/\">Cameroun-Badminton: la r\u00e9gion de l\u2019Est championne<\/a> est apparu en premier sur <a rel=\"nofollow\" href=\"https:\/\/www.journalducameroun.com\/\">Journal du Cameroun<\/a>.<\/p>\n<\/div>\n<p>Auteur: Esther FOSSI<br \/>\n<a href=\"https:\/\/www.journalducameroun.com\/cameroun-badminton-la-region-de-lest-championne\/\">Cliquez ici pour lire l&rsquo;article depuis sa source.<\/a><\/p>\n","protected":false},"excerpt":{"rendered":"<p>Les \u00e9quipes de la r\u00e9gion ont pris le dessus lors du tournoi national baptis\u00e9, &lsquo;Open national de la jeune fille&rsquo;. Yaound\u00e9 a abrit\u00e9 le weekend dernier une comp\u00e9tition nationale de Badminton. Et c&rsquo;est du c\u00f4t\u00e9 de l&rsquo;institut national de la jeunesse et des sports, Injs que les rencontres se disputaient. Au terme d&rsquo;une comp\u00e9tition aussi [&hellip;]<\/p>\n","protected":false},"author":1965,"featured_media":0,"comment_status":"closed","ping_status":"closed","sticky":false,"template":"","format":"standard","meta":{"fifu_image_url":"https:\/\/www.journalducameroun.com\/wp-content\/uploads\/2022\/03\/1346342525-badminton.jpg","fifu_image_alt":"Cameroun-Badminton: la r\u00e9gion de l\u2019Est championne","footnotes":""},"categories":[73,82],"tags":[],"class_list":["post-143972","post","type-post","status-publish","format-standard","hentry","category-actualite","category-cameroun"],"_links":{"self":[{"href":"https:\/\/linitiative.ca\/International\/wp-json\/wp\/v2\/posts\/143972","targetHints":{"allow":["GET"]}}],"collection":[{"href":"https:\/\/linitiative.ca\/International\/wp-json\/wp\/v2\/posts"}],"about":[{"href":"https:\/\/linitiative.ca\/International\/wp-json\/wp\/v2\/types\/post"}],"author":[{"embeddable":true,"href":"https:\/\/linitiative.ca\/International\/wp-json\/wp\/v2\/users\/1965"}],"replies":[{"embeddable":true,"href":"https:\/\/linitiative.ca\/International\/wp-json\/wp\/v2\/comments?post=143972"}],"version-history":[{"count":0,"href":"https:\/\/linitiative.ca\/International\/wp-json\/wp\/v2\/posts\/143972\/revisions"}],"wp:attachment":[{"href":"https:\/\/linitiative.ca\/International\/wp-json\/wp\/v2\/media?parent=143972"}],"wp:term":[{"taxonomy":"category","embeddable":true,"href":"https:\/\/linitiative.ca\/International\/wp-json\/wp\/v2\/categories?post=143972"},{"taxonomy":"post_tag","embeddable":true,"href":"https:\/\/linitiative.ca\/International\/wp-json\/wp\/v2\/tags?post=143972"}],"curies":[{"name":"wp","href":"https:\/\/api.w.org\/{rel}","templated":true}]}}