{"id":143974,"date":"2022-03-25T12:35:58","date_gmt":"2022-03-25T16:35:58","guid":{"rendered":"https:\/\/linitiative.ca\/International\/championnat-du-monde-de-volleyball-feminin-les-adversaires-du-cameroun-sont-connues\/"},"modified":"2022-03-25T12:35:58","modified_gmt":"2022-03-25T16:35:58","slug":"championnat-du-monde-de-volleyball-feminin-les-adversaires-du-cameroun-sont-connues","status":"publish","type":"post","link":"https:\/\/linitiative.ca\/International\/championnat-du-monde-de-volleyball-feminin-les-adversaires-du-cameroun-sont-connues\/","title":{"rendered":"Championnat du monde de volleyball f\u00e9minin: les adversaires du Cameroun sont connues"},"content":{"rendered":"<div>\n<p><img decoding=\"async\" width=\"600\" height=\"400\" src=\"https:\/\/linitiative.ca\/International\/wp-content\/uploads\/sites\/23\/2022\/03\/Volleyball.jpeg\" class=\"attachment-post-thumbnail size-post-thumbnail wp-post-image\" alt=\"Championat mondial de vollyball\" loading=\"lazy\" srcset=\"https:\/\/linitiative.ca\/International\/wp-content\/uploads\/sites\/23\/2022\/03\/Volleyball.jpeg 600w, https:\/\/www.journalducameroun.com\/wp-content\/uploads\/2022\/03\/Volleyball-300x200.jpeg 300w\" sizes=\"auto, (max-width: 600px) 100vw, 600px\"><\/p>\n<h2 dir=\"auto\" style=\"text-align: justify;\">Apr\u00e8s le tirage au sort tenu \u00e0 Lausanne, la s\u00e9lection nationale va \u00e9voluer dans la poule A aux c\u00f4t\u00e9s des pays comme la Hollande et l&rsquo;Italie.<\/h2>\n<div dir=\"auto\" style=\"text-align: justify;\"><\/div>\n<div dir=\"auto\" style=\"text-align: justify;\">Les <strong>Lionnes du volleyball<\/strong> ont du pain sur la planche. Les dames sont fix\u00e9es sur les \u00e9quipes qu&rsquo;elles vont rencontrer lors du <strong>championnat du monde<\/strong> <strong>de volleyball f\u00e9minin<\/strong>. Une comp\u00e9tition qui va se d\u00e9rouler du 23 septembre au 15 octobre 2022 aux Pays-Bas et en Pologne.<\/div>\n<div dir=\"auto\" style=\"text-align: justify;\"><\/div>\n<div dir=\"auto\" style=\"text-align: justify;\">Et les filles de <strong>Jean Ren\u00e9 Akono<\/strong>, entra\u00eeneurs nationale de l&rsquo;\u00e9quipe f\u00e9minine vont par exemple affronter l&rsquo;un des pays organisateur \u00e0 savoir les Pays-Bas.<\/div>\n<div dir=\"auto\" style=\"text-align: justify;\"><\/div>\n<div dir=\"auto\" style=\"text-align: justify;\">Les autres \u00e9quipes de la Poules A qui seront oppos\u00e9es au Cameroun sont l&rsquo;Italie, la Belgique, le Porto Rico, le Cameroun et le Kenya.<\/div>\n<div dir=\"auto\" style=\"text-align: justify;\"><\/div>\n<div dir=\"auto\" style=\"text-align: justify;\">M\u00eame si ces nations semblent coriaces, elles sont loin de faire trembler les Lionnes. <em>&lt;&lt;Dans cette poule, il y a les championnes d&rsquo;Europe \u00e0 savoir, l&rsquo;Italie et des \u00e9quipes toute aussi grandes comme les Pays-Bas ou encore la Belgique. Ces s\u00e9lections nationales sont beaucoup plus fortes que nous, donc inaccessibles. A c\u00f4t\u00e9, le Porto Rico par exemple et aussi une tr\u00e8s bonne \u00e9quipe et le Kenya qu&rsquo;on conna\u00eet bien et qui nous conna\u00eet aussi&gt;&gt;<\/em> explique <strong>Jean Ren\u00e9 Akono.<\/strong><\/div>\n<div dir=\"auto\">\n<figure id=\"attachment_406169\" aria-describedby=\"caption-attachment-406169\" style=\"width: 300px\" class=\"wp-caption alignnone\"><img loading=\"lazy\" decoding=\"async\" class=\"size-medium wp-image-406169\" src=\"https:\/\/linitiative.ca\/International\/wp-content\/uploads\/sites\/23\/2022\/03\/Jean-Rene-Akono-300x180-1.jpg\" alt=\"\" width=\"300\" height=\"180\"><figcaption id=\"caption-attachment-406169\" class=\"wp-caption-text\">Jean Ren\u00e9 Akono<\/figcaption><\/figure>\n<\/div>\n<div dir=\"auto\" style=\"text-align: justify;\"><\/div>\n<div dir=\"auto\" style=\"text-align: justify;\">Une comp\u00e9tition qui s&rsquo;annonce rel\u00e8ve dans un contexte o\u00f9 l&rsquo;\u00e9quipe nationale \u00e0 connue des d\u00e9parts en retraite r\u00e9cemment. Il y a par exemple eu <a href=\"https:\/\/www.journalducameroun.com\/cameroun-dernier-smash-pour-christelle-nana\/\">Christelle Nana, longtemps capitaine de cette \u00e9quipe<\/a> ou encore <a href=\"https:\/\/www.journalducameroun.com\/lionnes-indomptables-volleyball-laetitia-moma-decide-aussi-de-prendre-sa-retraite\/\">Laetitia Moma<\/a>. Ce qui pourrait bien fragiliser l&rsquo;\u00e9quipe.<\/div>\n<div dir=\"auto\" style=\"text-align: justify;\"><\/div>\n<div dir=\"auto\" style=\"text-align: justify;\"><em>&lt;&lt;Compte tenu des changements qu&rsquo;il va y avoir dans notre \u00e9quipe, \u00e7a va \u00eatre tr\u00e8s difficile pour nous de pouvoir nous fixer des objectifs \u00e0 cette comp\u00e9tition. Donc, en ce qui me concerne, le seul objectif est d&rsquo;essayer de commencer \u00e0 construire une \u00e9quipe qui peut \u00eatre performante au niveau africains&gt;&gt;<\/em> rench\u00e9rit Jean Ren\u00e9 Akono.<\/div>\n<div dir=\"auto\" style=\"text-align: justify;\"><\/div>\n<div dir=\"auto\" style=\"text-align: justify;\">Si le Cameroun veut esp\u00e9rer passer au second tour de ce tournoi, les filles devront batailler pour figurer parmi les quatre premi\u00e8res \u00e9quipes.<\/div>\n<p>Cet article <a rel=\"nofollow\" href=\"https:\/\/www.journalducameroun.com\/championnat-du-monde-de-volleyball-feminin-les-adversaires-du-cameroun-sont-connues\/\">Championnat du monde de volleyball f\u00e9minin: les adversaires du Cameroun sont connues<\/a> est apparu en premier sur <a rel=\"nofollow\" href=\"https:\/\/www.journalducameroun.com\/\">Journal du Cameroun<\/a>.<\/p>\n<\/div>\n<p>Auteur: Esther FOSSI<br \/>\n<a href=\"https:\/\/www.journalducameroun.com\/championnat-du-monde-de-volleyball-feminin-les-adversaires-du-cameroun-sont-connues\/\">Cliquez ici pour lire l&rsquo;article depuis sa source.<\/a><\/p>\n","protected":false},"excerpt":{"rendered":"<p>Apr\u00e8s le tirage au sort tenu \u00e0 Lausanne, la s\u00e9lection nationale va \u00e9voluer dans la poule A aux c\u00f4t\u00e9s des pays comme la Hollande et l&rsquo;Italie. Les Lionnes du volleyball ont du pain sur la planche. Les dames sont fix\u00e9es sur les \u00e9quipes qu&rsquo;elles vont rencontrer lors du championnat du monde de volleyball f\u00e9minin. Une [&hellip;]<\/p>\n","protected":false},"author":1965,"featured_media":0,"comment_status":"closed","ping_status":"closed","sticky":false,"template":"","format":"standard","meta":{"fifu_image_url":"https:\/\/www.journalducameroun.com\/wp-content\/uploads\/2022\/03\/Volleyball.jpeg","fifu_image_alt":"Championnat du monde de volleyball f\u00e9minin: les adversaires du Cameroun sont connues","footnotes":""},"categories":[73,82],"tags":[],"class_list":["post-143974","post","type-post","status-publish","format-standard","hentry","category-actualite","category-cameroun"],"_links":{"self":[{"href":"https:\/\/linitiative.ca\/International\/wp-json\/wp\/v2\/posts\/143974","targetHints":{"allow":["GET"]}}],"collection":[{"href":"https:\/\/linitiative.ca\/International\/wp-json\/wp\/v2\/posts"}],"about":[{"href":"https:\/\/linitiative.ca\/International\/wp-json\/wp\/v2\/types\/post"}],"author":[{"embeddable":true,"href":"https:\/\/linitiative.ca\/International\/wp-json\/wp\/v2\/users\/1965"}],"replies":[{"embeddable":true,"href":"https:\/\/linitiative.ca\/International\/wp-json\/wp\/v2\/comments?post=143974"}],"version-history":[{"count":0,"href":"https:\/\/linitiative.ca\/International\/wp-json\/wp\/v2\/posts\/143974\/revisions"}],"wp:attachment":[{"href":"https:\/\/linitiative.ca\/International\/wp-json\/wp\/v2\/media?parent=143974"}],"wp:term":[{"taxonomy":"category","embeddable":true,"href":"https:\/\/linitiative.ca\/International\/wp-json\/wp\/v2\/categories?post=143974"},{"taxonomy":"post_tag","embeddable":true,"href":"https:\/\/linitiative.ca\/International\/wp-json\/wp\/v2\/tags?post=143974"}],"curies":[{"name":"wp","href":"https:\/\/api.w.org\/{rel}","templated":true}]}}