{"id":143977,"date":"2022-03-25T15:18:03","date_gmt":"2022-03-25T19:18:03","guid":{"rendered":"https:\/\/linitiative.ca\/International\/mondial-2022-la-rdc-et-le-maroc-se-neutralisent-1-1\/"},"modified":"2022-03-25T15:18:03","modified_gmt":"2022-03-25T19:18:03","slug":"mondial-2022-la-rdc-et-le-maroc-se-neutralisent-1-1","status":"publish","type":"post","link":"https:\/\/linitiative.ca\/International\/mondial-2022-la-rdc-et-le-maroc-se-neutralisent-1-1\/","title":{"rendered":"Mondial-2022: la RDC et le Maroc se neutralisent (1-1)"},"content":{"rendered":"<div>\n<p><img decoding=\"async\" width=\"882\" height=\"524\" src=\"https:\/\/linitiative.ca\/International\/wp-content\/uploads\/sites\/23\/2022\/03\/16482358833397.jpg\" class=\"attachment-post-thumbnail size-post-thumbnail wp-post-image\" alt=\"\" loading=\"lazy\" srcset=\"https:\/\/linitiative.ca\/International\/wp-content\/uploads\/sites\/23\/2022\/03\/16482358833397.jpg 882w, https:\/\/www.journalducameroun.com\/wp-content\/uploads\/2022\/03\/16482358833397-300x178.jpg 300w, https:\/\/www.journalducameroun.com\/wp-content\/uploads\/2022\/03\/16482358833397-768x456.jpg 768w, https:\/\/www.journalducameroun.com\/wp-content\/uploads\/2022\/03\/16482358833397-741x440.jpg 741w, https:\/\/www.journalducameroun.com\/wp-content\/uploads\/2022\/03\/16482358833397-600x356.jpg 600w\" sizes=\"auto, (max-width: 882px) 100vw, 882px\"><\/p>\n<p>La s\u00e9lection marocaine de football a fait match nul (1-1) avec son homologue de la RD Congo, vendredi \u00e0 Kinshasa, en match aller des barrages de qualification du Mondial-2022 de football.L&rsquo;\u00e9quipe de la RD Congo a ouvert le score \u00e0 la 12\u00e8 minute sur un but de Yoan\u00e9 Wissa, alors que Tarik Tissoudali a \u00e9galis\u00e9 pour les Lions de l&rsquo;Atlas \u00e0 la 76\u00e8 minute, sachant que Ryan Mmaee a rat\u00e9 un p\u00e9nalty \u00e0 la 55\u00e8 minute.<\/p>\n<p>Le match retour est pr\u00e9vu le 29 mars \u00e0 Casablanca \u00e0 20h30 (GMT+1). Le vainqueur sera qualifi\u00e9 pour la coupe du monde pr\u00e9vue en novembre prochain au Qatar.\u00a0<\/p>\n<p>Cet article <a rel=\"nofollow\" href=\"https:\/\/www.journalducameroun.com\/mondial-2022-la-rdc-et-le-maroc-se-neutralisent-1-1\/\">Mondial-2022: la RDC et le Maroc se neutralisent (1-1)<\/a> est apparu en premier sur <a rel=\"nofollow\" href=\"https:\/\/www.journalducameroun.com\/\">Journal du Cameroun<\/a>.<\/p>\n<\/div>\n<p>Auteur: APA News<br \/>\n<a href=\"https:\/\/www.journalducameroun.com\/mondial-2022-la-rdc-et-le-maroc-se-neutralisent-1-1\/\">Cliquez ici pour lire l&rsquo;article depuis sa source.<\/a><\/p>\n","protected":false},"excerpt":{"rendered":"<p>La s\u00e9lection marocaine de football a fait match nul (1-1) avec son homologue de la RD Congo, vendredi \u00e0 Kinshasa, en match aller des barrages de qualification du Mondial-2022 de football.L&rsquo;\u00e9quipe de la RD Congo a ouvert le score \u00e0 la 12\u00e8 minute sur un but de Yoan\u00e9 Wissa, alors que Tarik Tissoudali a \u00e9galis\u00e9 [&hellip;]<\/p>\n","protected":false},"author":1965,"featured_media":0,"comment_status":"closed","ping_status":"closed","sticky":false,"template":"","format":"standard","meta":{"fifu_image_url":"https:\/\/www.journalducameroun.com\/wp-content\/uploads\/2022\/03\/16482358833397.jpg","fifu_image_alt":"Mondial-2022: la RDC et le Maroc se neutralisent (1-1)","footnotes":""},"categories":[73,82],"tags":[],"class_list":["post-143977","post","type-post","status-publish","format-standard","hentry","category-actualite","category-cameroun"],"_links":{"self":[{"href":"https:\/\/linitiative.ca\/International\/wp-json\/wp\/v2\/posts\/143977","targetHints":{"allow":["GET"]}}],"collection":[{"href":"https:\/\/linitiative.ca\/International\/wp-json\/wp\/v2\/posts"}],"about":[{"href":"https:\/\/linitiative.ca\/International\/wp-json\/wp\/v2\/types\/post"}],"author":[{"embeddable":true,"href":"https:\/\/linitiative.ca\/International\/wp-json\/wp\/v2\/users\/1965"}],"replies":[{"embeddable":true,"href":"https:\/\/linitiative.ca\/International\/wp-json\/wp\/v2\/comments?post=143977"}],"version-history":[{"count":0,"href":"https:\/\/linitiative.ca\/International\/wp-json\/wp\/v2\/posts\/143977\/revisions"}],"wp:attachment":[{"href":"https:\/\/linitiative.ca\/International\/wp-json\/wp\/v2\/media?parent=143977"}],"wp:term":[{"taxonomy":"category","embeddable":true,"href":"https:\/\/linitiative.ca\/International\/wp-json\/wp\/v2\/categories?post=143977"},{"taxonomy":"post_tag","embeddable":true,"href":"https:\/\/linitiative.ca\/International\/wp-json\/wp\/v2\/tags?post=143977"}],"curies":[{"name":"wp","href":"https:\/\/api.w.org\/{rel}","templated":true}]}}