{"id":143980,"date":"2022-03-25T10:08:57","date_gmt":"2022-03-25T14:08:57","guid":{"rendered":"https:\/\/linitiative.ca\/International\/le-gouvernement-va-financer-a-hauteur-de-13-milliard-de-fcfa-un-projet-de-production-de-paves-a-maroua\/"},"modified":"2022-03-25T10:08:57","modified_gmt":"2022-03-25T14:08:57","slug":"le-gouvernement-va-financer-a-hauteur-de-13-milliard-de-fcfa-un-projet-de-production-de-paves-a-maroua","status":"publish","type":"post","link":"https:\/\/linitiative.ca\/International\/le-gouvernement-va-financer-a-hauteur-de-13-milliard-de-fcfa-un-projet-de-production-de-paves-a-maroua\/","title":{"rendered":"Le gouvernement va financer \u00e0 hauteur de\u00a0\u00a01,3 milliard de FCFA\u00a0un projet de production de pav\u00e9s \u00e0 Maroua"},"content":{"rendered":"<div>\n<p>Le 15 mars 2022, l\u2019OIT a lanc\u00e9 une demande de prix pour la fourniture des \u00e9quipements de l\u2019atelier de production des pav\u00e9s de Maroua, le chef-lieu de la r\u00e9gion de l\u2019Extr\u00eame-Nord. L\u2019appel \u00e0 manifestation est ainsi lanc\u00e9 en direction des petites et moyennes entreprises (PME) int\u00e9ress\u00e9es par ce march\u00e9 constitu\u00e9 de six lots diff\u00e9rents. Il s\u2019agit du mat\u00e9riel de production des pav\u00e9s, des petits mat\u00e9riels de production de b\u00e9ton, du mat\u00e9riel de production de b\u00e9ton, du mat\u00e9riel de mise en \u0153uvre, des petits mat\u00e9riels de mise en \u0153uvre et, enfin, \u00a0des petits mat\u00e9riels de chantier et d\u2019\u00e9quipements de protection individuelle (EPI). Ces entreprises ont jusqu\u2019au 31\u00a0mars 2022 pour d\u00e9poser leurs offres de soumission.<\/p>\n<p>Selon la demande de mise en concurrence de l\u2019OIT, celle-ci s\u2019inscrit dans le cadre des activit\u00e9s men\u00e9es par l\u2019\u00e9quipe technique d\u2019appui de l\u2019OIT au travail d\u00e9cent pour l\u2019Afrique centrale et du bureau pays de cette organisation onusienne en charge du travail pour le Cameroun, Sao Tom\u00e9-et-Principe et la Guin\u00e9e \u00e9quatoriale. En effet, l\u2019on se souvient qu\u2019en juillet 2020, le gouvernement camerounais, \u00e0 travers le minist\u00e8re de l\u2019Habitat et du D\u00e9veloppement urbain (Minhdu), avait sollicit\u00e9 l\u2019assistance technique du Bureau international du travail (BIT) dans le cadre de la mise en \u0153uvre du Projet d\u00e9nomm\u00e9 d\u00e9veloppement des infrastructures urbaines et cr\u00e9ation des emplois d\u00e9cents pour les jeunes dans la r\u00e9silience socio\u00e9conomique dans les villes de Maroua et Bamenda (Nord-ouest). Et pour cause, le Minhdu estimait que ces deux villes camerounaises, sujettes \u00e0 des crises s\u00e9curitaires avaient besoin d\u2019un rel\u00e8vement de leurs \u00e9conomies \u00e0 travers ce projet qui viendrait att\u00e9nuer les affres de ces difficiles moments sur les populations en g\u00e9n\u00e9ral, et les jeunes en particulier.<\/p>\n<p>Ce projet est financ\u00e9 par l\u2019\u00c9tat du Cameroun \u00e0 hauteur de 1,3\u00a0milliard de FCFA hors taxes. Selon les parties, ce projet sera ex\u00e9cut\u00e9 sur une p\u00e9riode de deux ans. A terme, cette phase pilote pourrait donner lieu la construction de plus grosses infrastructures. Un processus qui va renforcer la politique du \u00ab\u2009Made in Cameroon\u2009\u00bb voulue par les autorit\u00e9s camerounaises. L\u2019on s\u2019attend \u00e9galement \u00e0 ce que le \u00a0\u00ab\u00a0Projet Himo BIT-Minhdu\u00a0\u00bb contribue aussi \u00e0 la r\u00e9duction des co\u00fbts des d\u00e9penses dans les chantiers de construction et de b\u00e2timents et travaux publics (BTP).<\/p>\n<p>L\u2019article <a rel=\"nofollow\" href=\"https:\/\/ecomatin.net\/le-gouvernement-va-financer-a-hauteur-de-13-milliard-de-fcfa-un-projet-de-production-de-paves-a-maroua\/\">Le gouvernement va financer \u00e0 hauteur de\u00a0\u00a01,3 milliard de FCFA\u00a0un projet de production de pav\u00e9s \u00e0 Maroua<\/a> est apparu en premier sur <a rel=\"nofollow\" href=\"https:\/\/ecomatin.net\/\">EcoMatin<\/a>.<\/p>\n<\/div>\n<p>Auteur: Bernard Bangda<br \/>\n<a href=\"https:\/\/ecomatin.net\/le-gouvernement-va-financer-a-hauteur-de-13-milliard-de-fcfa-un-projet-de-production-de-paves-a-maroua\/\">Cliquez ici pour lire l&rsquo;article depuis sa source.<\/a><\/p>\n","protected":false},"excerpt":{"rendered":"<p>Le 15 mars 2022, l\u2019OIT a lanc\u00e9 une demande de prix pour la fourniture des \u00e9quipements de l\u2019atelier de production des pav\u00e9s de Maroua, le chef-lieu de la r\u00e9gion de l\u2019Extr\u00eame-Nord. L\u2019appel \u00e0 manifestation est ainsi lanc\u00e9 en direction des petites et moyennes entreprises (PME) int\u00e9ress\u00e9es par ce march\u00e9 constitu\u00e9 de six lots diff\u00e9rents. Il [&hellip;]<\/p>\n","protected":false},"author":1969,"featured_media":0,"comment_status":"closed","ping_status":"closed","sticky":false,"template":"","format":"standard","meta":{"fifu_image_url":"","fifu_image_alt":"","footnotes":""},"categories":[82,78],"tags":[],"class_list":["post-143980","post","type-post","status-publish","format-standard","hentry","category-cameroun","category-economie"],"_links":{"self":[{"href":"https:\/\/linitiative.ca\/International\/wp-json\/wp\/v2\/posts\/143980","targetHints":{"allow":["GET"]}}],"collection":[{"href":"https:\/\/linitiative.ca\/International\/wp-json\/wp\/v2\/posts"}],"about":[{"href":"https:\/\/linitiative.ca\/International\/wp-json\/wp\/v2\/types\/post"}],"author":[{"embeddable":true,"href":"https:\/\/linitiative.ca\/International\/wp-json\/wp\/v2\/users\/1969"}],"replies":[{"embeddable":true,"href":"https:\/\/linitiative.ca\/International\/wp-json\/wp\/v2\/comments?post=143980"}],"version-history":[{"count":0,"href":"https:\/\/linitiative.ca\/International\/wp-json\/wp\/v2\/posts\/143980\/revisions"}],"wp:attachment":[{"href":"https:\/\/linitiative.ca\/International\/wp-json\/wp\/v2\/media?parent=143980"}],"wp:term":[{"taxonomy":"category","embeddable":true,"href":"https:\/\/linitiative.ca\/International\/wp-json\/wp\/v2\/categories?post=143980"},{"taxonomy":"post_tag","embeddable":true,"href":"https:\/\/linitiative.ca\/International\/wp-json\/wp\/v2\/tags?post=143980"}],"curies":[{"name":"wp","href":"https:\/\/api.w.org\/{rel}","templated":true}]}}