{"id":143982,"date":"2022-03-25T11:37:01","date_gmt":"2022-03-25T15:37:01","guid":{"rendered":"https:\/\/linitiative.ca\/International\/energie-electrique-la-centrale-de-guider-injecte-deja-10-de-sa-production-previsionnelle-dans-le-rin\/"},"modified":"2022-03-25T11:37:01","modified_gmt":"2022-03-25T15:37:01","slug":"energie-electrique-la-centrale-de-guider-injecte-deja-10-de-sa-production-previsionnelle-dans-le-rin","status":"publish","type":"post","link":"https:\/\/linitiative.ca\/International\/energie-electrique-la-centrale-de-guider-injecte-deja-10-de-sa-production-previsionnelle-dans-le-rin\/","title":{"rendered":"Energie \u00e9lectrique : la centrale de Guider injecte d\u00e9j\u00e0 10% de sa production pr\u00e9visionnelle dans le RIN"},"content":{"rendered":"<div>\n<p>Les trois r\u00e9gions septentrionales \u00e0 savoir l\u2019Adamaoua, le Nord et l\u2019Extr\u00eame-nord qui constituent le R\u00e9seau Interconnect\u00e9 Nord (RIN), sont parmi les r\u00e9gions les plus impact\u00e9es par les coupures intempestives d\u2019\u00e9lectricit\u00e9. Ceci en raison du faible niveau d\u2019hydrologie du fleuve Benou\u00e9, pr\u00e9judiciable au bon fonctionnement du barrage hydro\u00e9lectrique de Lagdo. Le Gouvernement et le concessionnaire du service public en charge de la distribution de l\u2019\u00e9nergie \u00e9lectrique au Cameroun, Energy of Cameroon (Eneo), sont r\u00e9guli\u00e8rement sur le qui-vive, \u00e0 la recherche des solutions envisageables pour tenter de r\u00e9sorber le d\u00e9ficit \u00e9nerg\u00e9tique g\u00e9n\u00e9r\u00e9 par ce facteur climatique. En d\u00e9pit du transfert de 24MW de la centrale thermique d\u2019Ahala vers le RIN, le d\u00e9faut de fourniture \u00e9lectrique est rest\u00e9 toujours aussi important, obligeant l\u2019entreprise Eneo d\u2019entreprendre en juin 2021, de lancer le projet de construction de deux centrales solaire-thermiques \u00e0 Guider (Nord) et \u00e0 Maroua (Extr\u00eame-nord), d\u2019une capacit\u00e9 de 15MW chacune. Ceci afin d\u2019am\u00e9liorer la capacit\u00e9 de production \u00e9nerg\u00e9tique dans le Septentrion.<\/p>\n<p><strong>Lire aussi : <a href=\"https:\/\/ecomatin.net\/marche-monetaire-le-cameroun-n-boucle-la-titrisation-n-dune-dette-de-157-milliards-due-a-eneo\/\" target=\"_blank\" rel=\"noreferrer noopener\">March\u00e9 mon\u00e9taire\u00a0: le Cameroun boucle la titrisation d\u2019une dette de 157 milliards due \u00e0 Eneo<\/a><\/strong><\/p>\n<p>Au mois de d\u00e9cembre dernier, l\u2019entreprise norv\u00e9gienne Scatex et la britannique Aggreko, ont d\u00e9marr\u00e9 la construction de la centrale de Guider, et trois mois apr\u00e8s, elle injecte d\u00e9j\u00e0 ses premiers m\u00e9gawattheures dans le RIN, notamment 1,5MW sur les 15 attendus, soit 10% de sa production pr\u00e9visionnelle. Dans une note d\u2019information rendue publique le 23 mars dernier, l\u2019entreprise Eneo annonce par ailleurs que cette capacit\u00e9 devrait \u00eatre revue \u00e0 la hausse d\u00e8s le mois d\u2019avril prochain, et passera \u00e0 6,5MW. L\u2019\u00e9quipe de coordination de ce projet que pilote l\u2019\u00e9nerg\u00e9ticien camerounais indique par ailleurs que la totalit\u00e9 des 15MW sera op\u00e9rationnelle dans cette centrale d\u00e8s le mois de septembre 2022, \u00ab sauf cas de force majeure \u00bb.<\/p>\n<p><strong>Lire aussi : <a href=\"https:\/\/ecomatin.net\/energie-electrique-les-chantiers-deneo-pour-stabiliser-le-reseau-interconnecte-nord-en-2022\/\" target=\"_blank\" rel=\"noreferrer noopener\">Energie \u00e9lectrique : les chantiers d\u2019Eneo pour stabiliser le r\u00e9seau interconnect\u00e9 Nord en 2022<\/a><\/strong><\/p>\n<p>Et au directeur g\u00e9n\u00e9ral adjoint en charge de la Production \u00e0 Eneo, Amine Homman Ludiye, de rench\u00e9rir : \u00ab A ce stade les premiers blocs de la centrale solaire de Guider sont install\u00e9s et peuvent d\u00e9j\u00e0 produire 1,5 MW. Les autres blocs successifs seront mis en service progressivement pour atteindre la pleine capacit\u00e9 de production en ao\u00fbt. Parall\u00e8lement la centrale de Maroua est en cours de d\u00e9ploiement et sera pleinement op\u00e9rationnelle avant la fin de l\u2019ann\u00e9e. Quelques proc\u00e9dures administratives ont pris du retard. Eneo sollicite le soutien des autorit\u00e9s pour acc\u00e9l\u00e9rer leur aboutissement \u00bb.<\/p>\n<p><strong>Maroua \u00e0 la traine<\/strong><\/p>\n<p>La deuxi\u00e8me centrale solaire-thermique, celle projet\u00e9e dans la capitale r\u00e9gionale de l\u2019Extr\u00eame-nord, devrait entrer en service d\u2019ici \u00e0 fin 2022. Cependant, l\u2019avancement du projet de Maroua est frein\u00e9 par quelques difficult\u00e9s, notamment li\u00e9es aux indemnisations car faut-il le rappeler, pour la mise en \u0153uvre des deux projets, Eneo a acquis 80 hectares de terrain dans les deux villes. Au demeurant, il faut pr\u00e9ciser qu\u2019\u00e0 terme, la capacit\u00e9 totale additive au R\u00e9seau Interconnect\u00e9 Nord sera de 40 MW dont 30 MW solaire (\u00e0 Maroua et Guider) et 10 MW de thermique \u00e0 Guider. D\u2019ailleurs, tous les groupes devant injecter 10 MW de thermique au r\u00e9seau sont d\u00e9j\u00e0 install\u00e9s et d\u00e9bitent depuis le 22 mars dernier la puissance attendue dans le RIN.<\/p>\n<p><strong>Lire aussi : <a href=\"https:\/\/ecomatin.net\/energie-electrique-vers-un-retour-a-la-stabilite-sur-le-reseau-interconnecte-nord\/\" target=\"_blank\" rel=\"noreferrer noopener\">Energie \u00e9lectrique : vers un retour \u00e0 la stabilit\u00e9 sur le R\u00e9seau Interconnect\u00e9 Nord<\/a><\/strong><\/p>\n<p>Eneo assure par ailleurs que plusieurs autres projets sont en gestation au b\u00e9n\u00e9fice du RIN, afin d\u2019augmenter les capacit\u00e9s productives de ce r\u00e9seau au cours des deux prochaines\u00a0 ann\u00e9es. \u00ab Ce sont des projets qui sont soutenus par le gouvernement et qu\u2019Eneo accompagne activement. Des contrats d\u2019achats d\u2019\u00e9nergies sont en cours de n\u00e9gociation avec les diff\u00e9rents d\u00e9veloppeurs. Les projets en sont \u00e0 des degr\u00e9s d\u2019avancement divers, mais d\u2019ici deux ans se sont plusieurs dizaines de MW suppl\u00e9mentaires qui seront inject\u00e9s dans le r\u00e9seau interconnect\u00e9 Nord \u00bb, acquiesce Amine Homman Ludiye.<\/p>\n<p>L\u2019article <a rel=\"nofollow\" href=\"https:\/\/ecomatin.net\/energie-electrique-la-centrale-de-guider-r-injecte-deja-10-de-sa-production-previsionnelle-le-rin\/\">Energie \u00e9lectrique : la centrale de Guider injecte d\u00e9j\u00e0 10% de sa production pr\u00e9visionnelle dans le RIN<\/a> est apparu en premier sur <a rel=\"nofollow\" href=\"https:\/\/ecomatin.net\/\">EcoMatin<\/a>.<\/p>\n<\/div>\n<p>Auteur: Bernard Bangda<br \/>\n<a href=\"https:\/\/ecomatin.net\/energie-electrique-la-centrale-de-guider-r-injecte-deja-10-de-sa-production-previsionnelle-le-rin\/\">Cliquez ici pour lire l&rsquo;article depuis sa source.<\/a><\/p>\n","protected":false},"excerpt":{"rendered":"<p>Les trois r\u00e9gions septentrionales \u00e0 savoir l\u2019Adamaoua, le Nord et l\u2019Extr\u00eame-nord qui constituent le R\u00e9seau Interconnect\u00e9 Nord (RIN), sont parmi les r\u00e9gions les plus impact\u00e9es par les coupures intempestives d\u2019\u00e9lectricit\u00e9. Ceci en raison du faible niveau d\u2019hydrologie du fleuve Benou\u00e9, pr\u00e9judiciable au bon fonctionnement du barrage hydro\u00e9lectrique de Lagdo. Le Gouvernement et le concessionnaire du [&hellip;]<\/p>\n","protected":false},"author":1969,"featured_media":0,"comment_status":"closed","ping_status":"closed","sticky":false,"template":"","format":"standard","meta":{"fifu_image_url":"","fifu_image_alt":"","footnotes":""},"categories":[82,78],"tags":[],"class_list":["post-143982","post","type-post","status-publish","format-standard","hentry","category-cameroun","category-economie"],"_links":{"self":[{"href":"https:\/\/linitiative.ca\/International\/wp-json\/wp\/v2\/posts\/143982","targetHints":{"allow":["GET"]}}],"collection":[{"href":"https:\/\/linitiative.ca\/International\/wp-json\/wp\/v2\/posts"}],"about":[{"href":"https:\/\/linitiative.ca\/International\/wp-json\/wp\/v2\/types\/post"}],"author":[{"embeddable":true,"href":"https:\/\/linitiative.ca\/International\/wp-json\/wp\/v2\/users\/1969"}],"replies":[{"embeddable":true,"href":"https:\/\/linitiative.ca\/International\/wp-json\/wp\/v2\/comments?post=143982"}],"version-history":[{"count":0,"href":"https:\/\/linitiative.ca\/International\/wp-json\/wp\/v2\/posts\/143982\/revisions"}],"wp:attachment":[{"href":"https:\/\/linitiative.ca\/International\/wp-json\/wp\/v2\/media?parent=143982"}],"wp:term":[{"taxonomy":"category","embeddable":true,"href":"https:\/\/linitiative.ca\/International\/wp-json\/wp\/v2\/categories?post=143982"},{"taxonomy":"post_tag","embeddable":true,"href":"https:\/\/linitiative.ca\/International\/wp-json\/wp\/v2\/tags?post=143982"}],"curies":[{"name":"wp","href":"https:\/\/api.w.org\/{rel}","templated":true}]}}