{"id":143992,"date":"2022-03-26T04:55:52","date_gmt":"2022-03-26T08:55:52","guid":{"rendered":"https:\/\/linitiative.ca\/International\/sommes-nous-tous-egaux-face-a-la-covid\/"},"modified":"2022-03-26T04:55:52","modified_gmt":"2022-03-26T08:55:52","slug":"sommes-nous-tous-egaux-face-a-la-covid","status":"publish","type":"post","link":"https:\/\/linitiative.ca\/International\/sommes-nous-tous-egaux-face-a-la-covid\/","title":{"rendered":"Sommes-nous tous \u00e9gaux face \u00e0 la Covid ?"},"content":{"rendered":"<div>\n<p><img loading=\"lazy\" decoding=\"async\" width=\"300\" height=\"153\" src=\"https:\/\/linitiative.ca\/International\/wp-content\/uploads\/sites\/23\/2022\/03\/Covid-300x153-1.jpg\" class=\"attachment-medium size-medium wp-post-image\" alt=\"\" srcset=\"https:\/\/linitiative.ca\/International\/wp-content\/uploads\/sites\/23\/2022\/03\/Covid-300x153-1.jpg 300w, https:\/\/aujourdhui.ma\/wp-content\/uploads\/2022\/03\/Covid-274x140.jpg 274w, https:\/\/aujourdhui.ma\/wp-content\/uploads\/2022\/03\/Covid.jpg 746w, https:\/\/aujourdhui.ma\/wp-content\/uploads\/2022\/03\/Covid-165x84.jpg 165w, https:\/\/aujourdhui.ma\/wp-content\/uploads\/2022\/03\/Covid-702x358.jpg 702w\" sizes=\"auto, (max-width: 300px) 100vw, 300px\"><\/p>\n<p><span style=\"font-size: 20px; color: #800000;\"><strong>On l\u2019a bien compris, ce monde se divise en deux cat\u00e9gories : ceux qui m\u00e9ritent qu\u2019on nous matraque de leur situation, et les autres que l\u2019on passe sous silence comme une sous-humanit\u00e9.<\/strong> <\/span><span id=\"more-403477\"><\/span><\/p>\n<div id=\"attachment_345687\" style=\"width: 235px\" class=\"wp-caption alignleft\"><img loading=\"lazy\" decoding=\"async\" aria-describedby=\"caption-attachment-345687\" class=\" wp-image-345687\" src=\"https:\/\/linitiative.ca\/International\/wp-content\/uploads\/sites\/23\/2022\/03\/Dr-Imane-Kendili-1-1.jpg\" alt=\"\" width=\"225\" height=\"229\" srcset=\"https:\/\/linitiative.ca\/International\/wp-content\/uploads\/sites\/23\/2022\/03\/Dr-Imane-Kendili-1-1.jpg 373w, https:\/\/aujourdhui.ma\/wp-content\/uploads\/2020\/05\/Dr-Imane-Kendili-1-294x300.jpg 294w, https:\/\/aujourdhui.ma\/wp-content\/uploads\/2020\/05\/Dr-Imane-Kendili-1-36x36.jpg 36w\" sizes=\"auto, (max-width: 225px) 100vw, 225px\"><\/p>\n<p id=\"caption-attachment-345687\" class=\"wp-caption-text\"><span style=\"color: #ff0000;\"><strong>Par Dr Imane Kendili<\/strong><\/span><br \/><span style=\"color: #ff0000;\"><strong>Psychiatre-addictologue<\/strong><\/span><\/p>\n<\/div>\n<p>La question est simple. Elle est limpide. Elle ne souffre aucune ombre. Sommes-nous tous \u00e9gaux face \u00e0 la Covid-19 ? Sommes-nous tous log\u00e9s \u00e0 la m\u00eame enseigne face \u00e0 une pand\u00e9mie qui ne fait aucune diff\u00e9rence de couleur, de confession, d\u2019identit\u00e9, de communaut\u00e9 et de rang social ? Riches comme pauvres, blanc, brun, noir ou asiatique, la Covid frappe sans aucune priorit\u00e9 ni aucune pr\u00e9m\u00e9ditation. Jeunes ou vieux, c\u2019est le m\u00eame tribut que l\u2019on doit donner \u00e0 la maladie et ce sont les m\u00eames risques que nous encourons dans un monde qui se rend aujourd\u2019hui compte que quelles que puissent \u00eatre la puissance et la situation des \u00c9tats, tout le monde y passe et sans exception. C\u2019est m\u00eame pire dans les pays dits riches o\u00f9 l\u2019on d\u00e9plore des centaines de milliers de victimes et un nombre effrayant de contaminations comme c\u2019est le cas aux \u00c9tats-Unis d\u2019Am\u00e9rique o\u00f9 presque 80 millions de personnes ont \u00e9t\u00e9 atteintes avec presque 1 million de morts. La situation est tout aussi dramatique en Inde, en Chine, au Br\u00e9sil, en France et en Turquie o\u00f9 l\u2019on compte un grand nombre de d\u00e9c\u00e8s pour d\u00e9passer les 6 millions de morts avec presque 500 millions de personnes contamin\u00e9es.<br \/>\nAujourd\u2019hui la question qui se pose est le flou et le manque de donn\u00e9es concernant certains pays, notamment en Afrique, en Asie, en Oc\u00e9anie et en Am\u00e9rique latine, comme si seuls les pays occidentaux et la Chine \u00e9taient concern\u00e9s par la pand\u00e9mie alors que le reste du monde compte pour du beurre.<\/p>\n<p>Qu\u2019en-est-il de la pand\u00e9mie en Syrie qui traverse une guerre sans fin ? Qu\u2019en est-il de la Covid-19 en Somalie, \u00e0 Djibouti, en Namibie, au Congo, au Sierra Leone, au Liberia, en Mongolie, en Afghanistan, au Turkm\u00e9nistan, au Suriname, au Honduras, au Salvador, en Papouasie-Nouvelle Guin\u00e9e, au Timor, au Vanuatu, aux \u00eeles Tonga et ailleurs dans ce vaste Pacifique o\u00f9 vivent aussi des humains qui souffrent, qui essaient de s\u2019en sortir face \u00e0 une maladie qui d\u00e9cime \u00e0 tour de bras ? La liste des pays dont on ne parle jamais dans les m\u00e9dias est tr\u00e8s longue et elle rend compte de la situation du monde face aux r\u00e9alit\u00e9s qu\u2019il traverse. Zappez sur toutes les cha\u00eenes, les infos sont l\u00e0 pour parler de New York, de Berlin de Londres, de Paris, de Rome, de P\u00e9kin de New Delhi, d\u2019Istanbul, de Tel-Aviv, de Moscou et de Tokyo, mais pas une miette sur tous ces pays pauvres qui sont livr\u00e9s \u00e0 eux-m\u00eames dont on ne parle jamais des victimes et de la trag\u00e9die qui se joue en sourdine comme s\u2019il s\u2019agissait d\u2019une autre race, pas humaine du tout, dont il n\u2019est pas n\u00e9cessaire de rendre compte pour l\u2019opinion publique. On l\u2019a bien compris, ce monde se divise en deux cat\u00e9gories : ceux qui m\u00e9ritent qu\u2019on nous matraque de leur situation, et les autres que l\u2019on passe sous silence comme une sous-humanit\u00e9. Pire, lesdits pays oubli\u00e9s n\u2019ont droit au chapitre que pour parler des catastrophes naturelles, des guerres entre clans rivaux, des attentats et autres d\u00e9sastres destin\u00e9s \u00e0 nourrir le voyeurisme de tous ceux qui consomment les infos en boucle et se nourrissent des drames humains comme d\u2019un amusement ou de la vari\u00e9t\u00e9 sur le th\u00e8me de la mort.<br \/>\nCeci pour la situation mondiale. Qu\u2019en est-il chez nous, dans ce cher Maroc ?<\/p>\n<p>Le premier constat est que les mesures, mises en place par les autorit\u00e9s sanitaires, rendent de mani\u00e8re quotidienne compte des statistiques li\u00e9es \u00e0 la pand\u00e9mie du coronavirus. Nous suivons \u00e0 la minute pr\u00e8s le nombre des contamin\u00e9s, le nombre de personnes gu\u00e9ries, et le nombre de d\u00e9c\u00e8s. En effet, presque 1,16 million de cas ont \u00e9t\u00e9 enregistr\u00e9s au Maroc, avec plus de 16.000 d\u00e9c\u00e8s \u00e0 d\u00e9plorer. Le nombre des vaccin\u00e9s avoisine aujourd\u2019hui les 6 millions de personnes et le rythme est soutenu pour assurer le plus grand nombre de vaccins aux populations. Le deuxi\u00e8me constat est que les m\u00e9dias focalisent sur les chiffres et tiennent une feuille de route pour informer les gens de la progression de la situation.<br \/>\nLe troisi\u00e8me constat consiste dans le fait qu\u2019il y a plusieurs couches sociales dont on ignore tout sur la situation, sur les chiffres de la maladie, sur les risques encourus et sur les mesures prises pour les sauver. Nous pensons \u00e0 tous les sans domicile fixe (SDF) dont on ignore jusqu\u2019au nombre exact au Maroc.<\/p>\n<p>Nous pensons \u00e0 tous les vagabonds qui vivent dans des terrains vagues, dans les cimeti\u00e8res, dans des squats et des b\u00e2timents abandonn\u00e9s. Nous pensons \u00e0 tous les malades atteints de graves probl\u00e8mes psychiatriques qui sillonnent les rues, parfois \u00e0 peine v\u00eatus, et qui restent livr\u00e9s \u00e0 eux-m\u00eames sans prise en charge m\u00e9dicale et qui peuvent tr\u00e8s vite contracter le virus et en contaminer d\u2019autres. Nous pensons aux marginaux, \u00e0 ces enfants des rues, auxdits clochards qui ont la vie dure, qui survivent comme ils le peuvent, et qui ne savent pas \u00e0 quel saint se vouer face \u00e0 tous les dangers qui planent sur leurs t\u00eates \u00e0 cause de la menace s\u00e9rieuse que constitue la pand\u00e9mie. Toutes ces personnes, nous les rencontrons \u00e0 tous les coins de rue, nous les voyons sur les grandes art\u00e8res, nous leur parlons au coin des feux rouges\u2026<br \/>\nCertains d\u2019entre eux sniffent, d\u2019autres boivent de l\u2019alcool frelat\u00e9, quand d\u2019autres s\u2019appliquent \u00e0 vouloir nettoyer les pare-brise des automobilistes pour gagner quelques dirhams de quoi se payer des pilules, du cannabis ou de la colle. Sans oublier tous les ressortissants de pays comme le S\u00e9n\u00e9gal, le Mali, la C\u00f4te d\u2019Ivoire, le Ghana, le Togo, le Gabon, le Congo et la Syrie dont certains ont \u00e9lu domicile dans des champs \u00e0 la p\u00e9riph\u00e9rie de la ville, quand d\u2019autres dorment dans les gares routi\u00e8res et autres planques au centre-ville. Ce sont l\u00e0 des dizaines de milliers de personnes dont on ignore tout. Ont-elles \u00e9t\u00e9 test\u00e9es pour savoir si elles ont contract\u00e9 la Covid-19 ? Ont-elles fait l\u2019objet d\u2019un recensement en vue de les int\u00e9grer dans la campagne des soins et \u00e9ventuellement pour les vaccins pr\u00e9vus pour l\u2019ensemble des Marocains, y compris les \u00e9trangers vivant sur le sol marocain ? Sont-ils sains ? Portent-ils, pour certains, le virus, sans le savoir, avec le risque de le transmettre \u00e0 d\u2019autres, faisant ainsi<\/p>\n<p>grossir la liste des contamin\u00e9s et des d\u00e9c\u00e8s ?<\/p>\n<p>Ce sont l\u00e0 des questions qui restent sans r\u00e9ponse tant qu\u2019on n\u2019a pas jet\u00e9 toute la lumi\u00e8re sur ces \u00e0-c\u00f4t\u00e9s du coronavirus qui font des d\u00e9g\u00e2ts terribles sans que personne n\u2019en parle. Il suffit de sortir parcourir les rues et les avenues pour rencontrer toute cette faune humaine, laiss\u00e9e-pour-compte qui vivote, qui tente de survivre, qui joue \u00e0 la roulette russe avec le virus, qui lui, ne fait aucune distinction entre les uns et les autres. On le sait, au d\u00e9but de la pand\u00e9mie en mars 2020, le gouvernement marocain avait annonc\u00e9 le lancement d\u2019une initiative d\u2019h\u00e9bergement des personnes sans domicile fixe. Cette initiative touchait alors plusieurs villes marocaines, parmi elles, Casablanca, Rabat, K\u00e9nitra, Tanger, Oujda et Agadir. Cette d\u00e9marche s\u2019inscrivait dans le cadre des efforts d\u2019assistance sociale d\u00e9ploy\u00e9s par l\u2019Entraide nationale en coordination avec les autorit\u00e9s locales, collectivit\u00e9s territoriales et soci\u00e9t\u00e9 civile. Il faut ici rappeler que le Maroc compte quelque 150 mille sans-abris, selon les derniers chiffres officiels avanc\u00e9s par le Haut-commissariat au Plan (HCP). A cela il faut \u00e9galement ajouter les victimes de la derni\u00e8re vague de froid qui a surpris plusieurs SDF qui ont pay\u00e9 de leurs vies, dans l\u2019indiff\u00e9rence.<\/p>\n<\/div>\n<p>Auteur: ALM<br \/>\n<a href=\"https:\/\/aujourdhui.ma\/chroniques\/sommes-nous-tous-egaux-face-a-la-covid\">Cliquez ici pour lire l&rsquo;article depuis sa source.<\/a><\/p>\n","protected":false},"excerpt":{"rendered":"<p>On l\u2019a bien compris, ce monde se divise en deux cat\u00e9gories : ceux qui m\u00e9ritent qu\u2019on nous matraque de leur situation, et les autres que l\u2019on passe sous silence comme une sous-humanit\u00e9. Par Dr Imane KendiliPsychiatre-addictologue La question est simple. Elle est limpide. Elle ne souffre aucune ombre. Sommes-nous tous \u00e9gaux face \u00e0 la Covid-19 [&hellip;]<\/p>\n","protected":false},"author":1759,"featured_media":0,"comment_status":"closed","ping_status":"closed","sticky":false,"template":"","format":"standard","meta":{"fifu_image_url":"https:\/\/aujourdhui.ma\/wp-content\/uploads\/2022\/03\/Covid-300x153.jpg","fifu_image_alt":"Sommes-nous tous \u00e9gaux face \u00e0 la Covid ?","footnotes":""},"categories":[73,54],"tags":[],"class_list":["post-143992","post","type-post","status-publish","format-standard","hentry","category-actualite","category-maroc"],"_links":{"self":[{"href":"https:\/\/linitiative.ca\/International\/wp-json\/wp\/v2\/posts\/143992","targetHints":{"allow":["GET"]}}],"collection":[{"href":"https:\/\/linitiative.ca\/International\/wp-json\/wp\/v2\/posts"}],"about":[{"href":"https:\/\/linitiative.ca\/International\/wp-json\/wp\/v2\/types\/post"}],"author":[{"embeddable":true,"href":"https:\/\/linitiative.ca\/International\/wp-json\/wp\/v2\/users\/1759"}],"replies":[{"embeddable":true,"href":"https:\/\/linitiative.ca\/International\/wp-json\/wp\/v2\/comments?post=143992"}],"version-history":[{"count":0,"href":"https:\/\/linitiative.ca\/International\/wp-json\/wp\/v2\/posts\/143992\/revisions"}],"wp:attachment":[{"href":"https:\/\/linitiative.ca\/International\/wp-json\/wp\/v2\/media?parent=143992"}],"wp:term":[{"taxonomy":"category","embeddable":true,"href":"https:\/\/linitiative.ca\/International\/wp-json\/wp\/v2\/categories?post=143992"},{"taxonomy":"post_tag","embeddable":true,"href":"https:\/\/linitiative.ca\/International\/wp-json\/wp\/v2\/tags?post=143992"}],"curies":[{"name":"wp","href":"https:\/\/api.w.org\/{rel}","templated":true}]}}