{"id":143995,"date":"2022-03-26T06:29:18","date_gmt":"2022-03-26T10:29:18","guid":{"rendered":"https:\/\/linitiative.ca\/International\/inauguration-a-el-hajeb-de-dar-almoustatmir-al-qaraoui-et-a-meknes-du-centre-regional-des-jeunes-entrepreneurs-agricoles\/"},"modified":"2022-03-26T06:29:18","modified_gmt":"2022-03-26T10:29:18","slug":"inauguration-a-el-hajeb-de-dar-almoustatmir-al-qaraoui-et-a-meknes-du-centre-regional-des-jeunes-entrepreneurs-agricoles","status":"publish","type":"post","link":"https:\/\/linitiative.ca\/International\/inauguration-a-el-hajeb-de-dar-almoustatmir-al-qaraoui-et-a-meknes-du-centre-regional-des-jeunes-entrepreneurs-agricoles\/","title":{"rendered":"Inauguration \u00e0 El Hajeb de \u00ab\u00a0Dar Almoustatmir Al Qaraoui\u00a0\u00bb et \u00e0 Mekn\u00e8s du \u00ab\u00a0Centre R\u00e9gional des Jeunes Entrepreneurs Agricoles\u00a0\u00bb"},"content":{"rendered":"<div>\n<p><img loading=\"lazy\" decoding=\"async\" width=\"300\" height=\"153\" src=\"https:\/\/linitiative.ca\/International\/wp-content\/uploads\/sites\/23\/2022\/03\/Dar-Almoustatmir-Al-Qaraoui-300x153-1.jpg\" class=\"attachment-medium size-medium wp-post-image\" alt=\"\" srcset=\"https:\/\/linitiative.ca\/International\/wp-content\/uploads\/sites\/23\/2022\/03\/Dar-Almoustatmir-Al-Qaraoui-300x153-1.jpg 300w, https:\/\/aujourdhui.ma\/wp-content\/uploads\/2022\/03\/Dar-Almoustatmir-Al-Qaraoui-274x140.jpg 274w, https:\/\/aujourdhui.ma\/wp-content\/uploads\/2022\/03\/Dar-Almoustatmir-Al-Qaraoui.jpg 746w, https:\/\/aujourdhui.ma\/wp-content\/uploads\/2022\/03\/Dar-Almoustatmir-Al-Qaraoui-165x84.jpg 165w, https:\/\/aujourdhui.ma\/wp-content\/uploads\/2022\/03\/Dar-Almoustatmir-Al-Qaraoui-702x358.jpg 702w\" sizes=\"auto, (max-width: 300px) 100vw, 300px\"><\/p>\n<p><strong>Le ministre de l\u2019Agriculture, de la P\u00eache maritime, du D\u00e9veloppement rural et des Eaux et For\u00eats, Mohamed Sadiki a inaugur\u00e9, vendredi \u00e0 El hajeb \u00ab\u00a0Dar Almoustatmir Al Qaraoui\u00a0\u00bb et \u00e0 Mekn\u00e8s le \u00ab\u00a0Centre R\u00e9gional des Jeunes Entrepreneurs Agricoles et Agro-alimentaires\u00a0\u00bb (CRJEA).<\/strong><span id=\"more-403541\"><\/span><\/p>\n<p>\u00ab\u00a0Dar Almoustatmir Al Qaraoui\u00a0\u00bb, r\u00e9alis\u00e9e par le Groupe de Cr\u00e9dit Agricole du Maroc, vise \u00e0 promouvoir et accompagner l\u2019entrepreneuriat des jeunes en milieu rural dans le cadre de la strat\u00e9gie agricole \u00ab\u00a0G\u00e9n\u00e9ration Green 2020-2030\u00a0\u00bb.<\/p>\n<p>Quant au \u00ab\u00a0Centre R\u00e9gional des Jeunes Entrepreneurs Agricoles et Agro-alimentaires\u00a0\u00bb, situ\u00e9 \u00e0 Agropolis de Mekn\u00e8s, il dispose de 32 antennes au niveau des pr\u00e9fectures et des provinces de la r\u00e9gion F\u00e8s-Mekn\u00e8s, offrant des services au profit des jeunes porteurs de projets d\u2019entrepreneuriat en agriculture et en agro-alimentaire, dont la communication et la sensibilisation, l\u2019accueil, l\u2019information, l\u2019interm\u00e9diation et l\u2019orientation, outre l\u2019acc\u00e8s \u00e0 l\u2019information (foncier, financement, projets, services, formation, conseil).<\/p>\n<p>Ses services portent aussi sur l\u2019accompagnement et l\u2019assistance \u00e0 la r\u00e9alisation des projets (montage technique et financier des projets, accomplissement des proc\u00e9dures administratives et de financement et accompagnement des projets en pr\u00e9 et post-cr\u00e9ation), et la formation technique, manag\u00e9rial, juridique et life skills.<\/p>\n<p>A cette occasion, M. Sadiki a \u00e9galement visit\u00e9 le centre relais d\u2019El Hajeb pour s\u2019enqu\u00e9rir de l\u2019op\u00e9ration de distribution de l\u2019orge subventionn\u00e9e dans le cadre du programme de r\u00e9duction des impacts du d\u00e9ficit pluviom\u00e9trique.<\/p>\n<p>Ce programme consiste, au niveau de la r\u00e9gion F\u00e8s-Mekn\u00e8s, en la distribution dans une premi\u00e8re tranche de 190.000 Qx d\u2019orge subventionn\u00e9e au profit des \u00e9leveurs, la distribution de 11.375 Qx d\u2019aliments compos\u00e9s, et la vaccination et le traitement de 3,9 millions de t\u00eates d\u2019ovins et caprins, ainsi que le traitement de 56.000 ruches contre la varroase, la cr\u00e9ation et l\u2019\u00e9quipement de 15 points d\u2019eaux pour l\u2019abreuvement du cheptel, la distribution de 9 citernes tract\u00e9es ainsi que l\u2019am\u00e9nagement et la r\u00e9habilitation de 103 Km de s\u00e9guias.<\/p>\n<p>Au niveau de la commune Sebt Jahjouh, \u00e0 El Hajeb, le ministre s\u2019est inform\u00e9 de l\u2019\u00e9tat d\u2019avancement de la campagne agricole 2021\/2022, et a, dans ce cadre, visit\u00e9 une ferme avec diff\u00e9rentes cultures conduites en semis direct. Cette technique permet le maintien de la fertilit\u00e9 et de l\u2019humidit\u00e9 du sol et repose sur l\u2019installation des cultures sans aucun travail de pr\u00e9paration de sol avant le semis par des semoirs sp\u00e9cifiques. Elle vise aussi \u00e0 am\u00e9liorer la r\u00e9silience et l\u2019adaptation de l\u2019agriculture aux changements climatiques, qui constitue un axe important de la strat\u00e9gie G\u00e9n\u00e9ration Green.<\/p>\n<p>Cette technique permet \u00e9galement l\u2019am\u00e9lioration des rendements des c\u00e9r\u00e9ales de 30 pc en moyenne et leur stabilisation notamment en ann\u00e9e s\u00e8che, la r\u00e9duction des co\u00fbts d\u2019installation des c\u00e9r\u00e9ales de 60 pc et des doses de semis de 30 pc ainsi que la r\u00e9duction de l\u2019\u00e9rosion du sol de plus de 50 pc.<\/p>\n<p>Dans une d\u00e9claration \u00e0 la presse, le ministre a soulign\u00e9 que cette visite s\u2019inscrit dans le cadre de la mise en \u0153uvre de la strat\u00e9gie de g\u00e9n\u00e9ration verte dans la r\u00e9gion F\u00e8s-Mekn\u00e8s, permettant de passer en revue le projet de semis dans la province d\u2019El Hajeb. Elle se veut aussi une occasion pour s\u2019informer de cette technologie au r\u00e9sultat tr\u00e8s satisfaisant pour la province qui conna\u00eet un manque de pr\u00e9cipitations par rapport \u00e0 la technologie de semis ordinaire.<\/p>\n<p>La visite a \u00e9t\u00e9 de m\u00eame une occasion de s\u2019informer du programme de d\u00e9ficit pluviom\u00e9trique au niveau de la r\u00e9gion F\u00e8s-Mekn\u00e8s, a-t-il ajout\u00e9.<\/p>\n<p>Dans une d\u00e9claration similaire, le pr\u00e9sident du Groupe Cr\u00e9dit Agricole du Maroc, Tariq Sijilmassi a soulign\u00e9 que l\u2019objectif de la mise en place de \u00ab\u00a0Dar Almoustatmir Al Qaraoui\u00a0\u00bb consiste \u00e0 \u00e9tablir une synergie et une compl\u00e9mentarit\u00e9 entre les services du Cr\u00e9dit agricole et les services du minist\u00e8re de l\u2019Agriculture afin de faciliter les d\u00e9marches des porteurs de projets, et d\u2019accompagner la r\u00e9alisation de ces projets.<\/p>\n<p>Pour sa part, le directeur r\u00e9gional de l\u2019Agriculture de F\u00e8s-Mekn\u00e8s, Kamal Hidane a indiqu\u00e9 que cette visite a permis de s\u2019informer notamment sur l\u2019\u00e9tat d\u2019avancement du programme du semis direct lanc\u00e9 au d\u00e9but de la campagne agricole et qui s\u2019\u00e9tend sur pr\u00e8s de 11.000 Ha.<\/p>\n<p>Ce programme de semis direct a montr\u00e9 une r\u00e9silience et une adaptation avec les conditions climatiques au cours d\u2019une campagne agricole marqu\u00e9e par un manque de pr\u00e9cipitations, a fait remarquer M. Hidane, \u00e9mettant le souhait que les derni\u00e8res pluies puissent contribuer \u00e0 une bonne production et r\u00e9colte des produits agricoles d\u2019automne.<\/p>\n<\/div>\n<p>Auteur: ALM<br \/>\n<a href=\"https:\/\/aujourdhui.ma\/actualite\/inauguration-a-el-hajeb-de-dar-almoustatmir-al-qaraoui-et-a-meknes-du-centre-regional-des-jeunes-entrepreneurs-agricoles\">Cliquez ici pour lire l&rsquo;article depuis sa source.<\/a><\/p>\n","protected":false},"excerpt":{"rendered":"<p>Le ministre de l\u2019Agriculture, de la P\u00eache maritime, du D\u00e9veloppement rural et des Eaux et For\u00eats, Mohamed Sadiki a inaugur\u00e9, vendredi \u00e0 El hajeb \u00ab\u00a0Dar Almoustatmir Al Qaraoui\u00a0\u00bb et \u00e0 Mekn\u00e8s le \u00ab\u00a0Centre R\u00e9gional des Jeunes Entrepreneurs Agricoles et Agro-alimentaires\u00a0\u00bb (CRJEA). \u00ab\u00a0Dar Almoustatmir Al Qaraoui\u00a0\u00bb, r\u00e9alis\u00e9e par le Groupe de Cr\u00e9dit Agricole du Maroc, vise [&hellip;]<\/p>\n","protected":false},"author":1759,"featured_media":0,"comment_status":"closed","ping_status":"closed","sticky":false,"template":"","format":"standard","meta":{"fifu_image_url":"https:\/\/aujourdhui.ma\/wp-content\/uploads\/2022\/03\/Dar-Almoustatmir-Al-Qaraoui-300x153.jpg","fifu_image_alt":"Inauguration \u00e0 El Hajeb de \u00ab\u00a0Dar Almoustatmir Al Qaraoui\u00a0\u00bb et \u00e0 Mekn\u00e8s du \u00ab\u00a0Centre R\u00e9gional des Jeunes Entrepreneurs Agricoles\u00a0\u00bb","footnotes":""},"categories":[73,54],"tags":[],"class_list":["post-143995","post","type-post","status-publish","format-standard","hentry","category-actualite","category-maroc"],"_links":{"self":[{"href":"https:\/\/linitiative.ca\/International\/wp-json\/wp\/v2\/posts\/143995","targetHints":{"allow":["GET"]}}],"collection":[{"href":"https:\/\/linitiative.ca\/International\/wp-json\/wp\/v2\/posts"}],"about":[{"href":"https:\/\/linitiative.ca\/International\/wp-json\/wp\/v2\/types\/post"}],"author":[{"embeddable":true,"href":"https:\/\/linitiative.ca\/International\/wp-json\/wp\/v2\/users\/1759"}],"replies":[{"embeddable":true,"href":"https:\/\/linitiative.ca\/International\/wp-json\/wp\/v2\/comments?post=143995"}],"version-history":[{"count":0,"href":"https:\/\/linitiative.ca\/International\/wp-json\/wp\/v2\/posts\/143995\/revisions"}],"wp:attachment":[{"href":"https:\/\/linitiative.ca\/International\/wp-json\/wp\/v2\/media?parent=143995"}],"wp:term":[{"taxonomy":"category","embeddable":true,"href":"https:\/\/linitiative.ca\/International\/wp-json\/wp\/v2\/categories?post=143995"},{"taxonomy":"post_tag","embeddable":true,"href":"https:\/\/linitiative.ca\/International\/wp-json\/wp\/v2\/tags?post=143995"}],"curies":[{"name":"wp","href":"https:\/\/api.w.org\/{rel}","templated":true}]}}