{"id":143997,"date":"2022-03-26T11:45:15","date_gmt":"2022-03-26T15:45:15","guid":{"rendered":"https:\/\/linitiative.ca\/International\/les-ministres-des-ae-de-loci-louent-les-efforts-meritoires-de-sm-le-roi\/"},"modified":"2022-03-26T11:45:15","modified_gmt":"2022-03-26T15:45:15","slug":"les-ministres-des-ae-de-loci-louent-les-efforts-meritoires-de-sm-le-roi","status":"publish","type":"post","link":"https:\/\/linitiative.ca\/International\/les-ministres-des-ae-de-loci-louent-les-efforts-meritoires-de-sm-le-roi\/","title":{"rendered":"Les ministres des AE de l\u2019OCI louent les efforts m\u00e9ritoires de SM le Roi"},"content":{"rendered":"<div>\n<p class=\"has-text-align-center has-vivid-red-color has-text-color\"><strong>Soutien \u00e0 l\u2019Agence Bayt Mal Al-Qods Al-Sharif<\/strong><\/p>\n<p class=\"has-black-color has-text-color\"><strong>Le Conseil des ministres des Affaires \u00e9trang\u00e8res de l\u2019Organisation de la coop\u00e9ration islamique (OCI), qui a tenu sa 48\u00e8me session \u00e0 Islamabad (Pakistan), s\u2019est f\u00e9licit\u00e9 des efforts m\u00e9ritoires que d\u00e9ploie Sa Majest\u00e9 le Roi Mohammed VI pour appuyer g\u00e9n\u00e9reusement l\u2019Agence Bayt Mal Al-Qods Al-Sharif afin de lui permettre de jouer pleinement son r\u00f4le consistant \u00e0 prot\u00e9ger la ville Sainte et ses braves habitants.<\/strong><\/p>\n<p class=\"has-black-color has-text-color\">Le Conseil a \u00e9galement salu\u00e9, \u00e0 l\u2019issue de ses travaux mercredi, les efforts que d\u00e9ploie l\u2019Agence, sous la direction de Sa Majest\u00e9 le Roi, pour pr\u00e9server l\u2019identit\u00e9 de la ville sainte et le patrimoine arabo-islamique sacr\u00e9, en mettant \u00e0 sa disposition des locaux appropri\u00e9s et en lui allouant de g\u00e9n\u00e9reux subsides afin qu\u2019elle puisse mener son action dans les meilleures conditions.<\/p>\n<p class=\"has-black-color has-text-color\">Il a de m\u00eame salu\u00e9 la mise en place, dans la ville d\u2019Al-Qods Al-Sharif, du Centre culturel marocain \u00abBayt Al-Maghreb\u00bb charg\u00e9 de diffuser les valeurs de tol\u00e9rance et de coexistence entre les cultures et les trois religions monoth\u00e9istes.<\/p>\n<p class=\"has-black-color has-text-color\">Par ailleurs, les ministres des Affaires \u00e9trang\u00e8res ont appel\u00e9 les \u00c9tats membres de l\u2019OCI \u00e0 soutenir l\u2019Agence Bayt Mal Al-Qods Al-Sharif et \u00e0 lui faciliter la t\u00e2che sur tous les plans, notamment \u00e0 travers la mobilisation de tous les moyens financiers et la mise \u00e0 disposition de tout le savoir-faire et de toutes les comp\u00e9tences techniques afin de contribuer \u00e0 la r\u00e9alisation de ses projets \u00e0 l\u2019int\u00e9rieur de la ville d\u2019Al-Qods Al-Sharif.<\/p>\n<p class=\"has-black-color has-text-color\">Ils ont \u00e9galement appel\u00e9 les institutions islamiques, tant publiques que priv\u00e9es, ainsi que les fonds d\u2019investissement, les agences de d\u00e9veloppement, les banques, les hommes d\u2019affaires et les particuliers \u00e0 s\u2019acquitter de leur devoir en soutenant l\u2019Agence Bayt Mal Al-Qods Al-Sharif et en lui apportant g\u00e9n\u00e9reusement toutes les formes d\u2019assistance n\u00e9cessaires pour lui permettre de r\u00e9aliser ses objectifs ambitieux et prioritaires dans les secteurs de l\u2019habitat, de l\u2019enseignement, de la sant\u00e9 et autres, ainsi que de sauvegarder le cachet arabe et les sites et monuments islamiques de la ville.<\/p>\n<p class=\"has-black-color has-text-color\">Le conseil a, en outre, exhort\u00e9 les entrepreneurs et les investisseurs des \u00c9tats membres \u00e0 investir \u00e0 Al-Qods en coop\u00e9rant \u00e0 cet effet avec les habitants de la ville dans les multiples secteurs \u00e9conomique, commercial et touristique, afin de sauvegarder la ville sainte contre la juda\u00efsation rampante et d\u2019en pr\u00e9server le cachet arabo-islamique.<\/p>\n<p class=\"has-black-color has-text-color\">D\u2019autre part, il a invit\u00e9 l\u2019Agence \u00e0 entreprendre des visites de travail dans les \u00c9tats membres et exhort\u00e9 tous les \u00c9tats \u00e0 l\u2019aider \u00e0 lancer des campagnes de vaste envergure et \u00e0 intensifier les contacts avec toutes les parties concern\u00e9es tant au niveau gouvernemental qu\u2019au niveau des entreprises priv\u00e9es dans les secteurs de l\u2019information, de la culture, des finances et du commerce, avec comme objectif de mobiliser des moyens mat\u00e9riels assez substantiels, publics et priv\u00e9s, ainsi qu\u2019au niveau populaire, afin de faire face aux besoins \u00e9normes de la ville sainte face aux grands d\u00e9fis auxquels elle est confront\u00e9e dans la bataille d\u00e9cisive qui lui est impos\u00e9e.<\/p>\n<p class=\"has-black-color has-text-color\">Il a, de m\u00eame, insist\u00e9 sur la n\u00e9cessit\u00e9 de mettre en \u0153uvre les r\u00e9solutions des conf\u00e9rences islamiques pr\u00e9c\u00e9dentes invitant les \u00c9tats membres \u00e0 apporter leur soutien \u00e0 l\u2019Agence Bayt Mal Al-Qods Al-Sharif, issue du Comit\u00e9 d\u2019Al-Qods, afin de leur permettre de mener \u00e0 bien ses projets de d\u00e9veloppement, de pr\u00e9server le cachet arabe, islamique et civilisationnel de la ville sainte et de renforcer la r\u00e9sistance de ses habitants face aux politiques isra\u00e9liennes de juda\u00efsation qui se poursuivent sans rel\u00e2che, conform\u00e9ment au Plan strat\u00e9gique de d\u00e9veloppement des secteurs vitaux de la ville d\u2019Al-Qods Al-Sharif, qui d\u00e9finit les priorit\u00e9s et les besoins urgents de la ville.<\/p>\n<p class=\"has-black-color has-text-color\">Le Royaume du Maroc a pris part \u00e0 cette r\u00e9union avec une d\u00e9l\u00e9gation qui comprend le Repr\u00e9sentant permanent du Royaume du Maroc aupr\u00e8s de l\u2019OCI, Mustafa Al-Mansouri, le directeur de l\u2019Orient, du Golfe, des organisations arabes et islamiques au minist\u00e8re des Affaires \u00e9trang\u00e8res, de la Coop\u00e9ration africaine et des Marocains r\u00e9sidant \u00e0 l\u2019\u00e9tranger, Fouad Akhrif, l\u2019ambassadeur du Maroc \u00e0 Islamabad, Mohamed Karmoun et le Directeur charg\u00e9 de la gestion de l\u2019Agence Bayt Mal Al Qods Acharif, Mohamed Salem Cherkaoui.<\/p>\n<p>L\u2019article <a rel=\"nofollow\" href=\"http:\/\/albayane.press.ma\/les-ministres-des-ae-de-loci-louent-les-efforts-meritoires-de-sm-le-roi.html\">Les ministres des AE de l\u2019OCI louent les efforts m\u00e9ritoires de SM le Roi<\/a> est apparu en premier sur <a rel=\"nofollow\" href=\"http:\/\/albayane.press.ma\/\">ALBAYANE<\/a>.<\/p>\n<\/div>\n<p>Auteur: M&rsquo;hammed rahal<br \/>\n<a href=\"http:\/\/albayane.press.ma\/les-ministres-des-ae-de-loci-louent-les-efforts-meritoires-de-sm-le-roi.html\">Cliquez ici pour lire l&rsquo;article depuis sa source.<\/a><\/p>\n","protected":false},"excerpt":{"rendered":"<p>Soutien \u00e0 l\u2019Agence Bayt Mal Al-Qods Al-Sharif Le Conseil des ministres des Affaires \u00e9trang\u00e8res de l\u2019Organisation de la coop\u00e9ration islamique (OCI), qui a tenu sa 48\u00e8me session \u00e0 Islamabad (Pakistan), s\u2019est f\u00e9licit\u00e9 des efforts m\u00e9ritoires que d\u00e9ploie Sa Majest\u00e9 le Roi Mohammed VI pour appuyer g\u00e9n\u00e9reusement l\u2019Agence Bayt Mal Al-Qods Al-Sharif afin de lui permettre [&hellip;]<\/p>\n","protected":false},"author":1760,"featured_media":0,"comment_status":"closed","ping_status":"closed","sticky":false,"template":"","format":"standard","meta":{"fifu_image_url":"","fifu_image_alt":"","footnotes":""},"categories":[73,54],"tags":[],"class_list":["post-143997","post","type-post","status-publish","format-standard","hentry","category-actualite","category-maroc"],"_links":{"self":[{"href":"https:\/\/linitiative.ca\/International\/wp-json\/wp\/v2\/posts\/143997","targetHints":{"allow":["GET"]}}],"collection":[{"href":"https:\/\/linitiative.ca\/International\/wp-json\/wp\/v2\/posts"}],"about":[{"href":"https:\/\/linitiative.ca\/International\/wp-json\/wp\/v2\/types\/post"}],"author":[{"embeddable":true,"href":"https:\/\/linitiative.ca\/International\/wp-json\/wp\/v2\/users\/1760"}],"replies":[{"embeddable":true,"href":"https:\/\/linitiative.ca\/International\/wp-json\/wp\/v2\/comments?post=143997"}],"version-history":[{"count":0,"href":"https:\/\/linitiative.ca\/International\/wp-json\/wp\/v2\/posts\/143997\/revisions"}],"wp:attachment":[{"href":"https:\/\/linitiative.ca\/International\/wp-json\/wp\/v2\/media?parent=143997"}],"wp:term":[{"taxonomy":"category","embeddable":true,"href":"https:\/\/linitiative.ca\/International\/wp-json\/wp\/v2\/categories?post=143997"},{"taxonomy":"post_tag","embeddable":true,"href":"https:\/\/linitiative.ca\/International\/wp-json\/wp\/v2\/tags?post=143997"}],"curies":[{"name":"wp","href":"https:\/\/api.w.org\/{rel}","templated":true}]}}