{"id":143998,"date":"2022-03-26T11:45:17","date_gmt":"2022-03-26T15:45:17","guid":{"rendered":"https:\/\/linitiative.ca\/International\/hamouni-recoit-le-president-du-parti-mauritanien-saouab\/"},"modified":"2022-03-26T11:45:17","modified_gmt":"2022-03-26T15:45:17","slug":"hamouni-recoit-le-president-du-parti-mauritanien-saouab","status":"publish","type":"post","link":"https:\/\/linitiative.ca\/International\/hamouni-recoit-le-president-du-parti-mauritanien-saouab\/","title":{"rendered":"Hamouni  re\u00e7oit le pr\u00e9sident du parti mauritanien \u00ab Saouab \u00bb"},"content":{"rendered":"<div>\n<p class=\"has-text-align-center has-vivid-red-color has-text-color\"><strong>Au si\u00e8ge du PPS<\/strong><\/p>\n<p class=\"has-black-color has-text-color\"><strong>Le pr\u00e9sident du groupe parlementaire du progr\u00e8s et du socialisme, Rachid Hamouni, accompagn\u00e9 d\u2019Ahmed Abbadi, membre du groupe, a re\u00e7u, mercredi au si\u00e8ge de la Chambre des repr\u00e9sentants, le pr\u00e9sident du parti politique mauritanien \u00ab Saouab \u00bb Abdessalam Ould Hormat, \u00e9galement pr\u00e9sident de la coalition parlementaire de son parti \u00e0 l\u2019Assembl\u00e9e nationale mauritanienne, actuellement en visite au Maroc.<\/strong><\/p>\n<p class=\"has-black-color has-text-color\">Au cours de cette rencontre, les deux parties ont pass\u00e9 en revue les opportunit\u00e9s et possibilit\u00e9s de coop\u00e9ration et les moyens \u00e0 mobiliser par leurs deux pays pour relever les d\u00e9fis \u00e9conomiques et s\u00e9curitaires qui se posent.<\/p>\n<p class=\"has-black-color has-text-color\">Elles ont \u00e9galement abord\u00e9 les d\u00e9veloppements de la cause nationale de l\u2019int\u00e9grit\u00e9 territoriale du Maroc et son importance majeure pour l\u2019ensemble du peuple marocain et soulign\u00e9 la n\u00e9cessit\u00e9 de clore d\u00e9finitivement ce dossier dans le but d\u2019axer tous les efforts sur le d\u00e9veloppement des pays de la r\u00e9gion\u00a0 dans l\u2019int\u00e9r\u00eat de leurs peuples respectifs.<\/p>\n<p class=\"has-black-color has-text-color\">Les deux pr\u00e9sidents ont \u00e9galement convenu de la n\u00e9cessit\u00e9 de promouvoir davantage la diplomatie parall\u00e8le parlementaire et partisane entre le Maroc et la Mauritanie dans le but de renforcer la coop\u00e9ration et le partenariat entre les deux pays.<\/p>\n<p class=\"has-black-color has-text-color\">Cette rencontre s\u2019est d\u00e9roul\u00e9e en pr\u00e9sence aussi d\u2019une d\u00e9l\u00e9gation de la jeunesse socialiste, conduite par son SG, Youn\u00e8s Siraj, qui avait effectu\u00e9 r\u00e9cemment une visite en Mauritanie dans le cadre de la diplomatie parall\u00e8le.<\/p>\n<p>L\u2019article <a rel=\"nofollow\" href=\"http:\/\/albayane.press.ma\/hamouni-recoit-le-president-du-parti-mauritanien-saouab.html\">Hamouni  re\u00e7oit le pr\u00e9sident du parti mauritanien \u00ab Saouab \u00bb<\/a> est apparu en premier sur <a rel=\"nofollow\" href=\"http:\/\/albayane.press.ma\/\">ALBAYANE<\/a>.<\/p>\n<\/div>\n<p>Auteur: M&rsquo;hammed rahal<br \/>\n<a href=\"http:\/\/albayane.press.ma\/hamouni-recoit-le-president-du-parti-mauritanien-saouab.html\">Cliquez ici pour lire l&rsquo;article depuis sa source.<\/a><\/p>\n","protected":false},"excerpt":{"rendered":"<p>Au si\u00e8ge du PPS Le pr\u00e9sident du groupe parlementaire du progr\u00e8s et du socialisme, Rachid Hamouni, accompagn\u00e9 d\u2019Ahmed Abbadi, membre du groupe, a re\u00e7u, mercredi au si\u00e8ge de la Chambre des repr\u00e9sentants, le pr\u00e9sident du parti politique mauritanien \u00ab Saouab \u00bb Abdessalam Ould Hormat, \u00e9galement pr\u00e9sident de la coalition parlementaire de son parti \u00e0 l\u2019Assembl\u00e9e [&hellip;]<\/p>\n","protected":false},"author":1760,"featured_media":0,"comment_status":"closed","ping_status":"closed","sticky":false,"template":"","format":"standard","meta":{"fifu_image_url":"","fifu_image_alt":"","footnotes":""},"categories":[73,54],"tags":[],"class_list":["post-143998","post","type-post","status-publish","format-standard","hentry","category-actualite","category-maroc"],"_links":{"self":[{"href":"https:\/\/linitiative.ca\/International\/wp-json\/wp\/v2\/posts\/143998","targetHints":{"allow":["GET"]}}],"collection":[{"href":"https:\/\/linitiative.ca\/International\/wp-json\/wp\/v2\/posts"}],"about":[{"href":"https:\/\/linitiative.ca\/International\/wp-json\/wp\/v2\/types\/post"}],"author":[{"embeddable":true,"href":"https:\/\/linitiative.ca\/International\/wp-json\/wp\/v2\/users\/1760"}],"replies":[{"embeddable":true,"href":"https:\/\/linitiative.ca\/International\/wp-json\/wp\/v2\/comments?post=143998"}],"version-history":[{"count":0,"href":"https:\/\/linitiative.ca\/International\/wp-json\/wp\/v2\/posts\/143998\/revisions"}],"wp:attachment":[{"href":"https:\/\/linitiative.ca\/International\/wp-json\/wp\/v2\/media?parent=143998"}],"wp:term":[{"taxonomy":"category","embeddable":true,"href":"https:\/\/linitiative.ca\/International\/wp-json\/wp\/v2\/categories?post=143998"},{"taxonomy":"post_tag","embeddable":true,"href":"https:\/\/linitiative.ca\/International\/wp-json\/wp\/v2\/tags?post=143998"}],"curies":[{"name":"wp","href":"https:\/\/api.w.org\/{rel}","templated":true}]}}