{"id":143999,"date":"2022-03-26T11:45:26","date_gmt":"2022-03-26T15:45:26","guid":{"rendered":"https:\/\/linitiative.ca\/International\/les-dix-films-candidats-a-loscar-supreme-du-meilleur-long-metrage\/"},"modified":"2022-03-26T11:45:26","modified_gmt":"2022-03-26T15:45:26","slug":"les-dix-films-candidats-a-loscar-supreme-du-meilleur-long-metrage","status":"publish","type":"post","link":"https:\/\/linitiative.ca\/International\/les-dix-films-candidats-a-loscar-supreme-du-meilleur-long-metrage\/","title":{"rendered":"Les dix films candidats \u00e0 l\u2019Oscar supr\u00eame du meilleur long-m\u00e9trage"},"content":{"rendered":"<div>\n<p class=\"has-text-align-center has-text-color\" style=\"color:#ab0303\"><strong>Domination des films produits par les plateformes de streaming<\/strong><\/p>\n<p class=\"has-black-color has-text-color\"><strong>A l\u2019issue d\u2019une ann\u00e9e cin\u00e9matographique marqu\u00e9e par la r\u00e9ouverture des salles de cin\u00e9ma et un d\u00e9luge de films produits par les plateformes de streaming, dix oeuvres sont en lice dimanche soir pour l\u2019Oscar du meilleur long-m\u00e9trage, r\u00e9compense supr\u00eame \u00e0 Hollywood.<br \/>Les votants de l\u2019Acad\u00e9mie des arts et sciences du cin\u00e9ma qui d\u00e9cernent ces troph\u00e9es avaient l\u2019embarras du choix pour la 94e \u00e9dition, entre western sombre et psychologique, m\u00e9ditation japonaise sur le deuil, com\u00e9die musicale ou space opera \u00e9pique entre d\u00e9sert et vers g\u00e9ants.<\/strong><\/p>\n<p class=\"has-black-color has-text-color\">Voici les films en lice \u2013 par ordre alphab\u00e9tique pour \u00e9viter de faire des jaloux:<\/p>\n<p class=\"has-vivid-red-color has-text-color\"><strong><u>Belfast<\/u><\/strong><\/p>\n<div class=\"wp-block-image\">\n<figure class=\"alignright size-medium is-resized\"><img decoding=\"async\" loading=\"lazy\" src=\"https:\/\/linitiative.ca\/International\/wp-content\/uploads\/sites\/23\/2022\/03\/1-8-230x130-1.png\" alt=\"\" class=\"wp-image-135276\" width=\"230\" height=\"110\"><\/figure>\n<\/div>\n<p class=\"has-black-color has-text-color\">Film le plus court et le plus intimiste parmi les candidats, \u00ab\u00a0Belfast\u00a0\u00bb, inspir\u00e9 \u00e0 Kenneth Branagh par son enfance dans les violences nord-irlandaises de la fin des ann\u00e9es 1960, a longtemps \u00e9t\u00e9 consid\u00e9r\u00e9 comme l\u2019un des poids lourds de cette \u00e9dition.<br \/>Il d\u00e9crit ces \u00ab\u00a0troubles\u00a0\u00bb qui d\u00e9chirent les communaut\u00e9s catholiques et protestantes du point de vue d\u2019un gamin de neuf ans dont le quotidien et le paisible quartier ouvrier sont soudainement boulevers\u00e9s par cette flamb\u00e9e de violences.<br \/>Buddy ne comprend pas tr\u00e8s bien ce qui se passe dans sa rue mais une chose est claire: il ne veut pas quitter le seul endroit qu\u2019il ait jamais connu et o\u00f9 il a tous ses amis.<br \/>\u00ab\u00a0Belfast\u00a0\u00bb a remport\u00e9 un nombre respectable de prix durant cette saison mais semblait avoir perdu un peu de son \u00e9lan dans la derni\u00e8re ligne droite menant \u00e0 la c\u00e9r\u00e9monie des Oscars.<\/p>\n<p class=\"has-vivid-red-color has-text-color\"><strong><u>CODA<\/u><\/strong><\/p>\n<div class=\"wp-block-image\">\n<figure class=\"alignright size-medium\"><img decoding=\"async\" loading=\"lazy\" width=\"230\" height=\"130\" src=\"https:\/\/linitiative.ca\/International\/wp-content\/uploads\/sites\/23\/2022\/03\/2-120-230x130-1.jpg\" alt=\"\" class=\"wp-image-135277\" srcset=\"https:\/\/linitiative.ca\/International\/wp-content\/uploads\/sites\/23\/2022\/03\/2-120-230x130-1.jpg 230w, http:\/\/albayane.press.ma\/wp-content\/uploads\/2-120-640x360.jpg 640w\" sizes=\"auto, (max-width: 230px) 100vw, 230px\"><\/figure>\n<\/div>\n<p class=\"has-black-color has-text-color\">Autre drame familial intimiste, \u00ab\u00a0CODA\u00a0\u00bb suit une lyc\u00e9enne, Ruby, fille entendante d\u2019une modeste famille de marins-p\u00eacheurs dont tous les autres membres, les parents et le fr\u00e8re, sont sourds.<br \/>Le film est une adaptation du succ\u00e8s fran\u00e7ais \u00ab\u00a0La Famille B\u00e9lier\u00a0\u00bb mais contrairement \u00e0 l\u2019original, dans ce remake les r\u00f4les principaux sont tenus par des acteurs professionnels r\u00e9ellement sourds eux aussi. De nombreux dialogues se font en langue des signes, que l\u2019actrice jouant Ruby (Emilia Jones) et la r\u00e9alisatrice Sian Heder ont apprise pour l\u2019occasion.<br \/>C\u00e9l\u00e9br\u00e9 pour cette repr\u00e9sentation authentique du handicap, \u00ab\u00a0CODA\u00a0\u00bb a aussi s\u00e9duit un nombre croissant de spectateurs par sa charge \u00e9motionnelle et la complexit\u00e9 des relations que Ruby entretient avec sa famille, tr\u00e8s aimante mais totalement d\u00e9pendante d\u2019elle pour interagir avec le monde des entendants.<br \/>Encore consid\u00e9r\u00e9 comme un petit poucet ces derni\u00e8res semaines, \u00ab\u00a0CODA\u00a0\u00bb s\u2019est lentement impos\u00e9 comme un gagnant potentiel en remportant successivement le prix du syndicat des acteurs am\u00e9ricain (SAG Awards), puis celui de l\u2019association des producteurs (PGA).<\/p>\n<p class=\"has-vivid-red-color has-text-color\"><strong><u>Don\u2019t Look Up<\/u><\/strong><\/p>\n<div class=\"wp-block-image\">\n<figure class=\"alignright size-medium\"><img decoding=\"async\" loading=\"lazy\" width=\"230\" height=\"130\" src=\"https:\/\/linitiative.ca\/International\/wp-content\/uploads\/sites\/23\/2022\/03\/3-95-230x130-1.jpg\" alt=\"\" class=\"wp-image-135278\" srcset=\"https:\/\/linitiative.ca\/International\/wp-content\/uploads\/sites\/23\/2022\/03\/3-95-230x130-1.jpg 230w, http:\/\/albayane.press.ma\/wp-content\/uploads\/3-95-640x360.jpg 640w\" sizes=\"auto, (max-width: 230px) 100vw, 230px\"><\/figure>\n<\/div>\n<p class=\"has-black-color has-text-color\">Parabole grin\u00e7ante sur la crise climatique, \u00ab\u00a0Don\u2019t Look Up: D\u00e9ni Cosmique\u00a0\u00bb est incontestablement le film qui aligne cette ann\u00e9e le plus grand nombre de stars.<br \/>Leonardo DiCaprio, Meryl Streep, Jennifer Lawrence et Ariana Grande font partie des vedettes qui risquent d\u2019\u00eatre \u00e9radiqu\u00e9es de la surface de la Terre par une com\u00e8te fon\u00e7ant \u00e0 toute vitesse vers notre plan\u00e8te, dans une indiff\u00e9rence quasi-g\u00e9n\u00e9rale.<br \/>Le film con\u00e7u par Adam McKay a \u00e9t\u00e9 l\u2019un des plus regard\u00e9s de l\u2019histoire sur la plateforme Netflix mais sa critique acerbe de la passivit\u00e9 de notre soci\u00e9t\u00e9 et de l\u2019incomp\u00e9tence des dirigeants politiques ont re\u00e7u un accueil mitig\u00e9.<\/p>\n<p class=\"has-vivid-red-color has-text-color\"><strong><u>Drive My Car<\/u><\/strong><\/p>\n<div class=\"wp-block-image\">\n<figure class=\"alignright size-medium\"><img decoding=\"async\" loading=\"lazy\" width=\"230\" height=\"130\" src=\"https:\/\/linitiative.ca\/International\/wp-content\/uploads\/sites\/23\/2022\/03\/4-73-230x130-1.jpg\" alt=\"\" class=\"wp-image-135279\" srcset=\"https:\/\/linitiative.ca\/International\/wp-content\/uploads\/sites\/23\/2022\/03\/4-73-230x130-1.jpg 230w, http:\/\/albayane.press.ma\/wp-content\/uploads\/4-73-640x360.jpg 640w\" sizes=\"auto, (max-width: 230px) 100vw, 230px\"><\/figure>\n<\/div>\n<p class=\"has-black-color has-text-color\">Avec pr\u00e8s de trois heures d\u2019images, le drame japonais \u00ab\u00a0Drive My Car\u00a0\u00bb est le plus long film en lice dans la cat\u00e9gorie, une oeuvre lente et subtile sur le chagrin et le deuil inspir\u00e9e par trois nouvelles de Haruki Murakami.<br \/>\u00ab\u00a0Drive My Car\u00a0\u00bb a conquis les cin\u00e9philes, r\u00e9coltant de nombreux prix d\u00e9cern\u00e9s par les critiques professionnels, et confirm\u00e9 que les sous-titres ne sont plus un obstacle \u00e0 Hollywood, comme le film sud-cor\u00e9en \u00ab\u00a0Parasite\u00a0\u00bb l\u2019avait d\u00e9j\u00e0 montr\u00e9 voici deux ans en \u00e9tant sacr\u00e9 aux Oscars.<br \/>Le film de Ryusuke Hamaguchi devrait s\u2019imposer dans la cat\u00e9gorie du meilleur film international mais semble avoir peu de chances pour l\u2019Oscar du meilleur long-m\u00e9trage.<br \/>La fresque de science-fiction \u00e9pique est le poids lourd financier de cette \u00e9dition: il a r\u00e9colt\u00e9 plus de 400 millions de dollars au box office mondial, contre 220 millions au total pour ses neuf adversaires r\u00e9unis.<\/p>\n<p class=\"has-vivid-red-color has-text-color\"><strong><u>Dune<\/u><\/strong><\/p>\n<div class=\"wp-block-image\">\n<figure class=\"alignright size-medium\"><img decoding=\"async\" loading=\"lazy\" width=\"230\" height=\"130\" src=\"https:\/\/linitiative.ca\/International\/wp-content\/uploads\/sites\/23\/2022\/03\/5-45-230x130-1.jpg\" alt=\"\" class=\"wp-image-135280\"><\/figure>\n<\/div>\n<p class=\"has-black-color has-text-color\">Con\u00e7u d\u00e8s le d\u00e9part par le r\u00e9alisateur Denis Villeneuve pour compter un second volet, \u00ab\u00a0Dune\u00a0\u00bb reprend fid\u00e8lement l\u2019intrigue de la premi\u00e8re partie du roman \u00e9crit par Frank Herbert en 1965.<br \/>Dans cette saga interplan\u00e9taire, familles aristocratiques et potentats sans scrupules s\u2019affrontent pour le contr\u00f4le de \u00ab\u00a0l\u2019\u00e9pice\u00a0\u00bb, un myst\u00e9rieux m\u00e9lange indispensable aux voyages spatiaux mais qui ne pousse que sur une plan\u00e8te inhospitali\u00e8re, enti\u00e8rement recouverte de sables br\u00fblants et parcourue par de redoutables vers g\u00e9ants.<br \/>Le film est surtout s\u00e9lectionn\u00e9 dans des cat\u00e9gories techniques (effets sp\u00e9ciaux, d\u00e9cors, photographie, etc.) et souffre d\u2019un handicap de taille: aucune oeuvre de science-fiction n\u2019a encore triomph\u00e9 aux Oscars depuis leur cr\u00e9ation en 1929, malgr\u00e9 des ph\u00e9nom\u00e8nes comme \u00ab\u00a02001, l\u2019Odyss\u00e9e de l\u2019espace\u00a0\u00bb ou la saga Star Wars.<\/p>\n<p class=\"has-vivid-red-color has-text-color\"><strong><u>La M\u00e9thode Williams<\/u><\/strong><\/p>\n<div class=\"wp-block-image\">\n<figure class=\"alignright size-medium\"><img decoding=\"async\" loading=\"lazy\" width=\"230\" height=\"130\" src=\"https:\/\/linitiative.ca\/International\/wp-content\/uploads\/sites\/23\/2022\/03\/6-26-230x130-1.jpg\" alt=\"\" class=\"wp-image-135281\" srcset=\"https:\/\/linitiative.ca\/International\/wp-content\/uploads\/sites\/23\/2022\/03\/6-26-230x130-1.jpg 230w, http:\/\/albayane.press.ma\/wp-content\/uploads\/6-26-640x360.jpg 640w\" sizes=\"auto, (max-width: 230px) 100vw, 230px\"><\/figure>\n<\/div>\n<p class=\"has-black-color has-text-color\">Biopic sur l\u2019incroyable ascension des championnes de tennis Serena et Venus Williams, avec dans le r\u00f4le de leur p\u00e8re entra\u00eeneur Richard le toujours populaire Will Smith, ce cocktail gagnant a s\u00e9duit un grand nombre de fans.<br \/>Will Smith tient une performance toute en nuances dans un film qui s\u2019attache plus \u00e0 cette famille hors-normes qu\u2019aux simples exploits sportifs des soeurs Williams, et \u00e9vite du m\u00eame coup nombre de clich\u00e9s.<br \/>S\u2019il ne triomphe pas dans la cat\u00e9gorie du meilleur long-m\u00e9trage, \u00ab\u00a0La M\u00e9thode Williams\u00a0\u00bb a au moins de bonnes chances d\u2019offrir un Oscar \u00e0 Will Smith.<\/p>\n<p class=\"has-vivid-red-color has-text-color\"><strong><u>There Will Be Blood<\/u><\/strong><\/p>\n<div class=\"wp-block-image\">\n<figure class=\"alignright size-medium\"><img decoding=\"async\" loading=\"lazy\" width=\"230\" height=\"130\" src=\"https:\/\/linitiative.ca\/International\/wp-content\/uploads\/sites\/23\/2022\/03\/7-14-230x130-1.jpg\" alt=\"\" class=\"wp-image-135282\" srcset=\"https:\/\/linitiative.ca\/International\/wp-content\/uploads\/sites\/23\/2022\/03\/7-14-230x130-1.jpg 230w, http:\/\/albayane.press.ma\/wp-content\/uploads\/7-14-640x360.jpg 640w\" sizes=\"auto, (max-width: 230px) 100vw, 230px\"><\/figure>\n<\/div>\n<p class=\"has-black-color has-text-color\">Paul Thomas Anderson, le sc\u00e9nariste r\u00e9alisateur \u00e0 l\u2019origine de \u00ab\u00a0There Will Be Blood\u00a0\u00bb et \u00ab\u00a0Boogie Nights\u00a0\u00bb, est l\u2019un des chouchous d\u2019Hollywood.<br \/>Dans son dernier film, il rend un hommage \u00e0 la San Fernando Valley qui l\u2019a vu grandir, dans le nord de Los Angeles, avec comme fil rouge une improbable rencontre entre une jeune femme un peu perdue et un lyc\u00e9en entreprenant.<\/p>\n<p class=\"has-vivid-red-color has-text-color\"><strong><u>Licorice Pizza<\/u><\/strong><\/p>\n<div class=\"wp-block-image\">\n<figure class=\"alignright size-medium\"><img decoding=\"async\" loading=\"lazy\" width=\"230\" height=\"130\" src=\"https:\/\/linitiative.ca\/International\/wp-content\/uploads\/sites\/23\/2022\/03\/8-4-230x130-1.jpg\" alt=\"\" class=\"wp-image-135283\"><\/figure>\n<\/div>\n<p class=\"has-black-color has-text-color\">Explorant une s\u00e9rie de cartes postales r\u00e9tro des ann\u00e9es 1970, \u00ab\u00a0Licorice Pizza\u00a0\u00bb propose une collection de sayn\u00e8tes un peu d\u00e9cousues, r\u00eaveuses, nostalgiques et \u00e9clair\u00e9es au n\u00e9on, mais qui, m\u00eame pour les fans de \u00ab\u00a0PTA\u00a0\u00bb, n\u2019est pas tout \u00e0 fait au niveau de ses pr\u00e9c\u00e9dents films.<\/p>\n<p class=\"has-vivid-red-color has-text-color\"><strong><u>Nightmare Alley<\/u><\/strong><\/p>\n<div class=\"wp-block-image\">\n<figure class=\"alignright size-medium\"><img decoding=\"async\" loading=\"lazy\" width=\"230\" height=\"130\" src=\"https:\/\/linitiative.ca\/International\/wp-content\/uploads\/sites\/23\/2022\/03\/9-2-230x130-1.jpg\" alt=\"\" class=\"wp-image-135284\" srcset=\"https:\/\/linitiative.ca\/International\/wp-content\/uploads\/sites\/23\/2022\/03\/9-2-230x130-1.jpg 230w, http:\/\/albayane.press.ma\/wp-content\/uploads\/9-2-640x360.jpg 640w\" sizes=\"auto, (max-width: 230px) 100vw, 230px\"><\/figure>\n<\/div>\n<p class=\"has-black-color has-text-color\">Autre film d\u2019un cin\u00e9aste reconnu qui ne tient pas toutes ses promesses, \u00ab\u00a0Nightmare Alley\u00a0\u00bb parvient certes \u00e0 aspirer le spectateur dans une atmosph\u00e8re de f\u00eate foraine macabre \u00e0 la mise en sc\u00e8ne soign\u00e9e et pleine de style.<br \/>Mais ce film tr\u00e8s noir r\u00e9alis\u00e9 par Guillermo del Toro, sur un \u00ab\u00a0mentaliste\u00a0\u00bb qui utilise ses astuces pour escroquer de riches clients, ne devrait pas r\u00e9\u00e9diter l\u2019exploit du pr\u00e9c\u00e9dent film du r\u00e9alisateur mexicain, \u00ab\u00a0La Forme de l\u2019eau\u00a0\u00bb, qui avait triomph\u00e9 aux Oscars.<br \/>Depuis sa pr\u00e9sentation en septembre dernier au festival de Venise, le western sombre et psychologique de Jane Campion est consid\u00e9r\u00e9 comme le favori.<\/p>\n<p class=\"has-vivid-red-color has-text-color\"><strong><u>The Power of the Dog<\/u><\/strong><\/p>\n<div class=\"wp-block-image\">\n<figure class=\"alignright size-medium\"><img decoding=\"async\" loading=\"lazy\" width=\"230\" height=\"130\" src=\"https:\/\/linitiative.ca\/International\/wp-content\/uploads\/sites\/23\/2022\/03\/10-7-230x130-1.jpg\" alt=\"\" class=\"wp-image-135285\" srcset=\"https:\/\/linitiative.ca\/International\/wp-content\/uploads\/sites\/23\/2022\/03\/10-7-230x130-1.jpg 230w, http:\/\/albayane.press.ma\/wp-content\/uploads\/10-7-640x360.jpg 640w\" sizes=\"auto, (max-width: 230px) 100vw, 230px\"><\/figure>\n<\/div>\n<p class=\"has-black-color has-text-color\">Adapt\u00e9 d\u2019un roman de Thomas Savage, \u00ab\u00a0The Power of the Dog\u00a0\u00bb met en sc\u00e8ne la masculinit\u00e9 nocive de cowboys incapables d\u2019assumer leur sexualit\u00e9 dans le Montana des ann\u00e9es 1920. Le film est en lice dans douze cat\u00e9gories des Oscars et a rafl\u00e9 la majorit\u00e9 des troph\u00e9es d\u00e9cern\u00e9es par les professionnels et critiques d\u2019Hollywood.<br \/>Entre ses vedettes, en t\u00eate desquelles Benedict Cumberbatch, ses paysages n\u00e9o-z\u00e9landais grandioses, son intrigue \u00e0 suspense et ses non-dits lourds de sens, le film coche quasiment toutes les cases d\u2019un vainqueur aux Oscars.<br \/>Mais son rythme lent et ses ambigu\u00eft\u00e9s ont laiss\u00e9 froids certains votants. Or l\u2019\u00e9trange mode de scrutin \u00ab\u00a0pr\u00e9f\u00e9rentiel\u00a0\u00bb \u00e0 plusieurs tours utilis\u00e9 par les Oscars pour cette cat\u00e9gorie a tendance \u00e0 privil\u00e9gier les films consensuels, ce qui pourrait co\u00fbter la victoire au favori.<br \/>La d\u00e9cision de Steven Spielberg de faire un remake de la com\u00e9die musicale la plus r\u00e9compens\u00e9e aux Oscars avait laiss\u00e9 plus d\u2019un perplexe lors de son annonce.<br \/>Et m\u00eame si le film a recueilli d\u2019excellentes critiques \u00e0 sa sortie, certains se demandent encore pourquoi le r\u00e9alisateur l\u00e9gendaire a fait un tel choix.<br \/>Fan de \u00ab\u00a0West Side Story\u00a0\u00bb depuis l\u2019enfance, Spielberg a insist\u00e9 pour conserver le r\u00e9cit dans son cadre original, le New York des ann\u00e9es 1950. Il a tout de m\u00eame pris soin d\u2019\u00e9viter tous les clich\u00e9s culturels de l\u2019original en engageant des acteurs latino-am\u00e9ricains et en ajoutant des dialogues en espagnol, sans sous-titres.<br \/>La performance d\u2019Ariana DeBose, qui reprend le r\u00f4le phare d\u2019Anita, a fait l\u2019unanimit\u00e9 et devrait lui valoir l\u2019Oscar du meilleur second r\u00f4le f\u00e9minin mais \u00ab\u00a0West Side Story\u00a0\u00bb fait figure d\u2019outsider pour le troph\u00e9e du meilleur long-m\u00e9trage.<\/p>\n<p>L\u2019article <a rel=\"nofollow\" href=\"http:\/\/albayane.press.ma\/les-dix-films-candidats-a-loscar-supreme-du-meilleur-long-metrage.html\">Les dix films candidats \u00e0 l\u2019Oscar supr\u00eame du meilleur long-m\u00e9trage<\/a> est apparu en premier sur <a rel=\"nofollow\" href=\"http:\/\/albayane.press.ma\/\">ALBAYANE<\/a>.<\/p>\n<\/div>\n<p>Auteur: M&rsquo;hammed rahal<br \/>\n<a href=\"http:\/\/albayane.press.ma\/les-dix-films-candidats-a-loscar-supreme-du-meilleur-long-metrage.html\">Cliquez ici pour lire l&rsquo;article depuis sa source.<\/a><\/p>\n","protected":false},"excerpt":{"rendered":"<p>Domination des films produits par les plateformes de streaming A l\u2019issue d\u2019une ann\u00e9e cin\u00e9matographique marqu\u00e9e par la r\u00e9ouverture des salles de cin\u00e9ma et un d\u00e9luge de films produits par les plateformes de streaming, dix oeuvres sont en lice dimanche soir pour l\u2019Oscar du meilleur long-m\u00e9trage, r\u00e9compense supr\u00eame \u00e0 Hollywood.Les votants de l\u2019Acad\u00e9mie des arts et [&hellip;]<\/p>\n","protected":false},"author":1760,"featured_media":0,"comment_status":"closed","ping_status":"closed","sticky":false,"template":"","format":"standard","meta":{"fifu_image_url":"http:\/\/albayane.press.ma\/wp-content\/uploads\/1-8-230x130.png","fifu_image_alt":"Les dix films candidats \u00e0 l\u2019Oscar supr\u00eame du meilleur long-m\u00e9trage","footnotes":""},"categories":[73,54],"tags":[],"class_list":["post-143999","post","type-post","status-publish","format-standard","hentry","category-actualite","category-maroc"],"_links":{"self":[{"href":"https:\/\/linitiative.ca\/International\/wp-json\/wp\/v2\/posts\/143999","targetHints":{"allow":["GET"]}}],"collection":[{"href":"https:\/\/linitiative.ca\/International\/wp-json\/wp\/v2\/posts"}],"about":[{"href":"https:\/\/linitiative.ca\/International\/wp-json\/wp\/v2\/types\/post"}],"author":[{"embeddable":true,"href":"https:\/\/linitiative.ca\/International\/wp-json\/wp\/v2\/users\/1760"}],"replies":[{"embeddable":true,"href":"https:\/\/linitiative.ca\/International\/wp-json\/wp\/v2\/comments?post=143999"}],"version-history":[{"count":0,"href":"https:\/\/linitiative.ca\/International\/wp-json\/wp\/v2\/posts\/143999\/revisions"}],"wp:attachment":[{"href":"https:\/\/linitiative.ca\/International\/wp-json\/wp\/v2\/media?parent=143999"}],"wp:term":[{"taxonomy":"category","embeddable":true,"href":"https:\/\/linitiative.ca\/International\/wp-json\/wp\/v2\/categories?post=143999"},{"taxonomy":"post_tag","embeddable":true,"href":"https:\/\/linitiative.ca\/International\/wp-json\/wp\/v2\/tags?post=143999"}],"curies":[{"name":"wp","href":"https:\/\/api.w.org\/{rel}","templated":true}]}}