{"id":144010,"date":"2022-03-26T11:45:29","date_gmt":"2022-03-26T15:45:29","guid":{"rendered":"https:\/\/linitiative.ca\/International\/le-sursaut-espagnol\/"},"modified":"2022-03-26T11:45:29","modified_gmt":"2022-03-26T15:45:29","slug":"le-sursaut-espagnol","status":"publish","type":"post","link":"https:\/\/linitiative.ca\/International\/le-sursaut-espagnol\/","title":{"rendered":"Le sursaut espagnol"},"content":{"rendered":"<div>\n<p class=\"has-black-color has-text-color\"><strong>La position positive envers le Sahara marocain ne cesse de susciter des vagues d\u2019approbation parmi divers milieux tant interne qu\u2019externe. D\u2019une traite, l\u2019Espagne aura coiff\u00e9 au poteau quasiment les appr\u00e9hensions de l\u2019entourage, mais surtout les convoitises des d\u00e9tracteurs de notre int\u00e9grit\u00e9 territoriale. A coup s\u00fbr, elle s\u2019en est servie apr\u00e8s m\u00fbre r\u00e9flexion, compte tenu des d\u00e9veloppements qui s\u2019op\u00e8rent dans la r\u00e9gion, en rapport avec cette question dont l\u2019unanimit\u00e9 autour de sa justesse prend forme \u00e0 grandes enjamb\u00e9es. Il est bien certain que la prise de conscience qui survint au moment o\u00f9 on s\u2019y attendait le moins, fut sans doute, la r\u00e9sultante de la persuasion efficiente de la \u00a0diplomatie marocaine en direction de nombre de nations de tous bords. Il n\u2019en demeure pas moins vrai que des facteurs objectifs ont donc concouru \u00e0 cette brusque volte-face espagnole au grand impact sur le cours des \u00e9v\u00e9nements en pr\u00e9sence. Aussi bien le ralliement am\u00e9ricain \u00e0 l\u2019\u00e9preuve que le renoncement allemand \u00e0 ses errements et le d\u00e9ferlement des consulats sur les provinces r\u00e9cup\u00e9r\u00e9es\u2026 autant de faits qui ont d\u00fb pr\u00e9cipiter ce revirement substantiel. A pr\u00e9sent, le chef de gouvernement ib\u00e9rique en plein \u00ab\u00a0ballotage\u00a0\u00bb par ce sursaut audacieux, se devrait de convaincre la classe politique \u00e0 multiples tendances dont certaines d\u2019extr\u00eame gauche nourrissent une hostilit\u00e9 manifeste \u00e0 l\u2019\u00e9gard de notre cause nationale.<\/strong><\/p>\n<p class=\"has-black-color has-text-color\">De m\u00eame, il n\u2019est pas exclu que la soci\u00e9t\u00e9 civile, obnubil\u00e9e par la propagande alg\u00e9roise fallacieuse et son guignol contre la th\u00e8se marocaine, depuis des d\u00e9cennies, affiche une r\u00e9sistance farouche \u00e0 cette d\u00e9marche r\u00e9conciliatrice. Du pain sur la planche pour le chef de l\u2019Ex\u00e9cutif espagnol qui semble d\u00e9termin\u00e9 dans son entreprise \u00e9prise de bon sens\u00a0! Cette d\u00e9cision capitale qui eut l\u2019effet d\u2019une bombe dans le camp du voisin de l\u2019est, mettrait un terme aux tergiversations de son auteur, mais surtout effriterait des lueurs d\u2019espoir qui animaient la junte alg\u00e9rienne fort d\u00e9sabus\u00e9e. Pour une flop\u00e9e d\u2019observateurs, l\u2019Espagne vient d\u2019apposer le dernier clou dans le cercueil d\u2019un r\u00e9gime militariste tortionnaire dont les forfaits nuisent \u00e9perdument \u00e0 toutes les contr\u00e9es de la r\u00e9gion. Elle sonnera aussi le glas \u00e0 une supercherie, longtemps brandie en Afrique et en Am\u00e9rique latine selon laquelle la milice s\u00e9paratiste mont\u00e9e au Sahara serait un \u00abmouvement de lib\u00e9ration\u00bb similaire \u00e0 une multitude de cas, sous l\u2019emprise colonialiste. Il ne fait alors pas de doute que l\u2019Espagne met \u00e9galement \u00e0 l\u2019\u00e8re franquiste dont la nostalgie lugubre serait toujours ancr\u00e9e dans certaines\u00a0 mentalit\u00e9s r\u00e9actionnaires dans la p\u00e9ninsule. A fortiori, les nouvelles g\u00e9n\u00e9rations espagnoles, aux aspirations pacifistes seraient, \u00e0 contrario en faveur de l\u2019approche de coexistence avec un Royaume s\u00e9culaire, \u00e0 seulement quelques kilom\u00e8tres d\u2019outre-mer, sur lequel on peut compter sur tous les plans. \u00a0\u00a0\u00a0\u00a0\u00a0\u00a0\u00a0<\/p>\n<p>L\u2019article <a rel=\"nofollow\" href=\"http:\/\/albayane.press.ma\/le-sursaut-espagnol.html\">Le sursaut espagnol<\/a> est apparu en premier sur <a rel=\"nofollow\" href=\"http:\/\/albayane.press.ma\/\">ALBAYANE<\/a>.<\/p>\n<\/div>\n<p>Auteur: M&rsquo;hammed rahal<br \/>\n<a href=\"http:\/\/albayane.press.ma\/le-sursaut-espagnol.html\">Cliquez ici pour lire l&rsquo;article depuis sa source.<\/a><\/p>\n","protected":false},"excerpt":{"rendered":"<p>La position positive envers le Sahara marocain ne cesse de susciter des vagues d\u2019approbation parmi divers milieux tant interne qu\u2019externe. D\u2019une traite, l\u2019Espagne aura coiff\u00e9 au poteau quasiment les appr\u00e9hensions de l\u2019entourage, mais surtout les convoitises des d\u00e9tracteurs de notre int\u00e9grit\u00e9 territoriale. A coup s\u00fbr, elle s\u2019en est servie apr\u00e8s m\u00fbre r\u00e9flexion, compte tenu des [&hellip;]<\/p>\n","protected":false},"author":1760,"featured_media":0,"comment_status":"closed","ping_status":"closed","sticky":false,"template":"","format":"standard","meta":{"fifu_image_url":"","fifu_image_alt":"","footnotes":""},"categories":[73,54],"tags":[],"class_list":["post-144010","post","type-post","status-publish","format-standard","hentry","category-actualite","category-maroc"],"_links":{"self":[{"href":"https:\/\/linitiative.ca\/International\/wp-json\/wp\/v2\/posts\/144010","targetHints":{"allow":["GET"]}}],"collection":[{"href":"https:\/\/linitiative.ca\/International\/wp-json\/wp\/v2\/posts"}],"about":[{"href":"https:\/\/linitiative.ca\/International\/wp-json\/wp\/v2\/types\/post"}],"author":[{"embeddable":true,"href":"https:\/\/linitiative.ca\/International\/wp-json\/wp\/v2\/users\/1760"}],"replies":[{"embeddable":true,"href":"https:\/\/linitiative.ca\/International\/wp-json\/wp\/v2\/comments?post=144010"}],"version-history":[{"count":0,"href":"https:\/\/linitiative.ca\/International\/wp-json\/wp\/v2\/posts\/144010\/revisions"}],"wp:attachment":[{"href":"https:\/\/linitiative.ca\/International\/wp-json\/wp\/v2\/media?parent=144010"}],"wp:term":[{"taxonomy":"category","embeddable":true,"href":"https:\/\/linitiative.ca\/International\/wp-json\/wp\/v2\/categories?post=144010"},{"taxonomy":"post_tag","embeddable":true,"href":"https:\/\/linitiative.ca\/International\/wp-json\/wp\/v2\/tags?post=144010"}],"curies":[{"name":"wp","href":"https:\/\/api.w.org\/{rel}","templated":true}]}}