{"id":144011,"date":"2022-03-26T11:45:33","date_gmt":"2022-03-26T15:45:33","guid":{"rendered":"https:\/\/linitiative.ca\/International\/visa-for-music-est-de-retour-du-16-au-19-novembre-2022\/"},"modified":"2022-03-26T11:45:33","modified_gmt":"2022-03-26T15:45:33","slug":"visa-for-music-est-de-retour-du-16-au-19-novembre-2022","status":"publish","type":"post","link":"https:\/\/linitiative.ca\/International\/visa-for-music-est-de-retour-du-16-au-19-novembre-2022\/","title":{"rendered":"Visa for Music  est de retour du 16 au 19 novembre 2022"},"content":{"rendered":"<div>\n<p class=\"has-black-color has-text-color\"><strong>La 9\u00e8me \u00e9dition de Visa for Music prendra une forme hybride, forte des exp\u00e9riences live de ses \u00e9ditions depuis 2014, du format int\u00e9gralement digital de 2020 et du format hybride de 2021, l\u2019\u00e9dition 2022 de Visa for Music proposera une exp\u00e9rience in\u00e9dite, m\u00e9langeant concerts et conf\u00e9rences live et retransmissions digitales. R\u00e9siliente face au contexte sanitaire actuel, cette 9\u00e8me \u00e9dition se fera le porte \u00e9tendard du renouvellement des priorit\u00e9s et orientations du domaine culturel de demain en Afrique et au Moyen-Orient.\u00a0 Visa For Music a l\u2019ambition cette ann\u00e9e encore de confirmer son r\u00f4le de rendez-vous incontournable pour les artistes et les professionnels de la fili\u00e8re musicale venus du monde entier : agents, maisons de disque, programmateurs, institutions culturelles et fondations, m\u00e9dias et formateurs, etc. Cette ann\u00e9e, une trentaine d\u2019artistes\/groupes d\u2019Afrique et du Moyen-Orient seront s\u00e9lectionn\u00e9s par un jury compos\u00e9 de personnalit\u00e9s de la culture et du monde de la musique.<\/strong><\/p>\n<p>L\u2019article <a rel=\"nofollow\" href=\"http:\/\/albayane.press.ma\/visa-for-music-est-de-retour-du-16-au-19-novembre-2022.html\">Visa for Music  est de retour du 16 au 19 novembre 2022<\/a> est apparu en premier sur <a rel=\"nofollow\" href=\"http:\/\/albayane.press.ma\/\">ALBAYANE<\/a>.<\/p>\n<\/div>\n<p>Auteur: M&rsquo;hammed rahal<br \/>\n<a href=\"http:\/\/albayane.press.ma\/visa-for-music-est-de-retour-du-16-au-19-novembre-2022.html\">Cliquez ici pour lire l&rsquo;article depuis sa source.<\/a><\/p>\n","protected":false},"excerpt":{"rendered":"<p>La 9\u00e8me \u00e9dition de Visa for Music prendra une forme hybride, forte des exp\u00e9riences live de ses \u00e9ditions depuis 2014, du format int\u00e9gralement digital de 2020 et du format hybride de 2021, l\u2019\u00e9dition 2022 de Visa for Music proposera une exp\u00e9rience in\u00e9dite, m\u00e9langeant concerts et conf\u00e9rences live et retransmissions digitales. R\u00e9siliente face au contexte sanitaire [&hellip;]<\/p>\n","protected":false},"author":1760,"featured_media":0,"comment_status":"closed","ping_status":"closed","sticky":false,"template":"","format":"standard","meta":{"fifu_image_url":"","fifu_image_alt":"","footnotes":""},"categories":[73,54],"tags":[],"class_list":["post-144011","post","type-post","status-publish","format-standard","hentry","category-actualite","category-maroc"],"_links":{"self":[{"href":"https:\/\/linitiative.ca\/International\/wp-json\/wp\/v2\/posts\/144011","targetHints":{"allow":["GET"]}}],"collection":[{"href":"https:\/\/linitiative.ca\/International\/wp-json\/wp\/v2\/posts"}],"about":[{"href":"https:\/\/linitiative.ca\/International\/wp-json\/wp\/v2\/types\/post"}],"author":[{"embeddable":true,"href":"https:\/\/linitiative.ca\/International\/wp-json\/wp\/v2\/users\/1760"}],"replies":[{"embeddable":true,"href":"https:\/\/linitiative.ca\/International\/wp-json\/wp\/v2\/comments?post=144011"}],"version-history":[{"count":0,"href":"https:\/\/linitiative.ca\/International\/wp-json\/wp\/v2\/posts\/144011\/revisions"}],"wp:attachment":[{"href":"https:\/\/linitiative.ca\/International\/wp-json\/wp\/v2\/media?parent=144011"}],"wp:term":[{"taxonomy":"category","embeddable":true,"href":"https:\/\/linitiative.ca\/International\/wp-json\/wp\/v2\/categories?post=144011"},{"taxonomy":"post_tag","embeddable":true,"href":"https:\/\/linitiative.ca\/International\/wp-json\/wp\/v2\/tags?post=144011"}],"curies":[{"name":"wp","href":"https:\/\/api.w.org\/{rel}","templated":true}]}}