{"id":144012,"date":"2022-03-26T06:03:09","date_gmt":"2022-03-26T10:03:09","guid":{"rendered":"https:\/\/linitiative.ca\/International\/ramadan-retour-a-lheure-legale-gmt-dimanche-a-03h00\/"},"modified":"2022-03-26T06:03:09","modified_gmt":"2022-03-26T10:03:09","slug":"ramadan-retour-a-lheure-legale-gmt-dimanche-a-03h00","status":"publish","type":"post","link":"https:\/\/linitiative.ca\/International\/ramadan-retour-a-lheure-legale-gmt-dimanche-a-03h00\/","title":{"rendered":"Ramadan: Retour \u00e0 l\u2019heure l\u00e9gale GMT dimanche \u00e0 03H00"},"content":{"rendered":"<div>\n<div style=\"margin-bottom:20px;\"><img loading=\"lazy\" decoding=\"async\" width=\"750\" height=\"430\" src=\"https:\/\/linitiative.ca\/International\/wp-content\/uploads\/sites\/23\/2022\/03\/heure.jpg\" class=\"attachment-post-thumbnail size-post-thumbnail wp-post-image\" alt=\"\" srcset=\"https:\/\/linitiative.ca\/International\/wp-content\/uploads\/sites\/23\/2022\/03\/heure.jpg 750w, https:\/\/www.mapmarrakech.ma\/map\/uploads\/2022\/03\/heure-300x172.jpg 300w\" sizes=\"auto, (max-width: 750px) 100vw, 750px\"><\/div>\n<p>Le retour \u00e0 l\u2019heure (GMT+1), en avan\u00e7ant 60 minutes, sera op\u00e9r\u00e9 apr\u00e8s la fin du mois de Ramadan, le dimanche 08 mai \u00e0 partir de 02h00.<\/p>\n<p>Ce changement intervient en r\u00e9ponse \u00e0 la n\u00e9cessit\u00e9 de s\u2019adapter avec les sp\u00e9cificit\u00e9s de ce mois b\u00e9ni et de garantir les conditions propices \u00e0 l\u2019exercice des cultes, et ce en vertu du d\u00e9cret publi\u00e9 le 26 octobre 2018 relatif \u00e0 l\u2019heure l\u00e9gale et \u00e0 l\u2019arr\u00eat\u00e9 du Chef du gouvernement relatif au m\u00eame sujet, avait indiqu\u00e9 le minist\u00e8re de la Transition num\u00e9rique et de la r\u00e9forme de l\u2019administration dans un communiqu\u00e9.<\/p>\n<p>Durant le mois sacr\u00e9, les administrations publiques et les collectivit\u00e9s territoriales vont adopter l\u2019horaire continu (de 09h \u00e0 15h) du lundi au vendredi, avait pr\u00e9cis\u00e9 le minist\u00e8re.<\/p>\n<p>The post <a rel=\"nofollow\" href=\"https:\/\/www.mapmarrakech.ma\/fr\/ramadan-retour-a-lheure-legale-gmt-dimanche-a-03h00-2\/\">Ramadan: Retour \u00e0 l\u2019heure l\u00e9gale GMT dimanche \u00e0 03H00<\/a> appeared first on <a rel=\"nofollow\" href=\"https:\/\/www.mapmarrakech.ma\/fr\">MapMarrakech<\/a>.<\/p>\n<\/div>\n<p>Auteur: Meriem IGASS<br \/>\n<a href=\"https:\/\/www.mapmarrakech.ma\/fr\/ramadan-retour-a-lheure-legale-gmt-dimanche-a-03h00-2\/\">Cliquez ici pour lire l&rsquo;article depuis sa source.<\/a><\/p>\n","protected":false},"excerpt":{"rendered":"<p>Le retour \u00e0 l\u2019heure (GMT+1), en avan\u00e7ant 60 minutes, sera op\u00e9r\u00e9 apr\u00e8s la fin du mois de Ramadan, le dimanche 08 mai \u00e0 partir de 02h00. Ce changement intervient en r\u00e9ponse \u00e0 la n\u00e9cessit\u00e9 de s\u2019adapter avec les sp\u00e9cificit\u00e9s de ce mois b\u00e9ni et de garantir les conditions propices \u00e0 l\u2019exercice des cultes, et ce [&hellip;]<\/p>\n","protected":false},"author":1788,"featured_media":0,"comment_status":"closed","ping_status":"closed","sticky":false,"template":"","format":"standard","meta":{"fifu_image_url":"https:\/\/www.mapmarrakech.ma\/map\/uploads\/2022\/03\/heure.jpg","fifu_image_alt":"Ramadan: Retour \u00e0 l\u2019heure l\u00e9gale GMT dimanche \u00e0 03H00","footnotes":""},"categories":[54,76],"tags":[],"class_list":["post-144012","post","type-post","status-publish","format-standard","hentry","category-maroc","category-regions"],"_links":{"self":[{"href":"https:\/\/linitiative.ca\/International\/wp-json\/wp\/v2\/posts\/144012","targetHints":{"allow":["GET"]}}],"collection":[{"href":"https:\/\/linitiative.ca\/International\/wp-json\/wp\/v2\/posts"}],"about":[{"href":"https:\/\/linitiative.ca\/International\/wp-json\/wp\/v2\/types\/post"}],"author":[{"embeddable":true,"href":"https:\/\/linitiative.ca\/International\/wp-json\/wp\/v2\/users\/1788"}],"replies":[{"embeddable":true,"href":"https:\/\/linitiative.ca\/International\/wp-json\/wp\/v2\/comments?post=144012"}],"version-history":[{"count":0,"href":"https:\/\/linitiative.ca\/International\/wp-json\/wp\/v2\/posts\/144012\/revisions"}],"wp:attachment":[{"href":"https:\/\/linitiative.ca\/International\/wp-json\/wp\/v2\/media?parent=144012"}],"wp:term":[{"taxonomy":"category","embeddable":true,"href":"https:\/\/linitiative.ca\/International\/wp-json\/wp\/v2\/categories?post=144012"},{"taxonomy":"post_tag","embeddable":true,"href":"https:\/\/linitiative.ca\/International\/wp-json\/wp\/v2\/tags?post=144012"}],"curies":[{"name":"wp","href":"https:\/\/api.w.org\/{rel}","templated":true}]}}