{"id":144014,"date":"2022-03-26T07:07:07","date_gmt":"2022-03-26T11:07:07","guid":{"rendered":"https:\/\/linitiative.ca\/International\/previsions-meteorologiques-pour-le-dimanche-27-mars-2022\/"},"modified":"2022-03-26T07:07:07","modified_gmt":"2022-03-26T11:07:07","slug":"previsions-meteorologiques-pour-le-dimanche-27-mars-2022","status":"publish","type":"post","link":"https:\/\/linitiative.ca\/International\/previsions-meteorologiques-pour-le-dimanche-27-mars-2022\/","title":{"rendered":"Pr\u00e9visions m\u00e9t\u00e9orologiques pour le dimanche 27 mars 2022"},"content":{"rendered":"<div>\n<div style=\"margin-bottom:20px;\"><img loading=\"lazy\" decoding=\"async\" width=\"750\" height=\"430\" src=\"https:\/\/linitiative.ca\/International\/wp-content\/uploads\/sites\/23\/2022\/03\/soleil_mC3A9tC3A9o-3-1.jpg\" class=\"attachment-post-thumbnail size-post-thumbnail wp-post-image\" alt=\"\" srcset=\"https:\/\/linitiative.ca\/International\/wp-content\/uploads\/sites\/23\/2022\/03\/soleil_mC3A9tC3A9o-3-1.jpg 750w, https:\/\/www.mapmarrakech.ma\/map\/uploads\/2022\/03\/soleil_m\u00e9t\u00e9o-3-1-300x172.jpg 300w\" sizes=\"auto, (max-width: 750px) 100vw, 750px\"><\/div>\n<p align=\"justify\">\u2013 Faibles pluies ou bruine sur l\u2019ouest de la M\u00e9diterran\u00e9e.<\/p>\n<p>\u2013\u00a0Temps stable ailleurs.<\/p>\n<p>\u2013 Formations brumeuses par endroits sur les plaines nord et centre.<\/p>\n<p>\u2013 Rafales de vent assez fortes \u00e0 fortes sur le Tang\u00e9rois.<\/p>\n<p>\u2013 Temps assez froid, la matin\u00e9e et la nuit, sur l\u2019Atlas et le Rif avec gel\u00e9e locale ou verglas.<\/p>\n<p>\u2013 Quelques chasse-poussi\u00e8res par endroits sur le Sud-Est et l\u2019int\u00e9rieur des provinces Sud.<\/p>\n<p>\u2013 Temp\u00e9ratures minimales de l\u2019ordre de -02\/05\u00b0C sur l\u2019Atlas et le Rif, de 03\/08\u00b0C sur les versants sud-est, l\u2019Oriental et les plateaux de Phosphates, de\u00a007\/13\u00b0C sur le Nord, le Centre et le Sud-Est et de 13\/18\u00b0C sur les provinces du Sud.<\/p>\n<p>\u2013 Temp\u00e9ratures du jour en hausse notamment sur le centre du pays et le nord des provinces du Sud.<\/p>\n<p>\u2013 Mer agit\u00e9e \u00e0 forte en M\u00e9diterran\u00e9e et sur le D\u00e9troit et peu agit\u00e9e \u00e0 agit\u00e9e le long du littoral atlantique.<\/p>\n<p>The post <a rel=\"nofollow\" href=\"https:\/\/www.mapmarrakech.ma\/fr\/previsions-meteorologiques-pour-le-dimanche-27-mars-2022\/\">Pr\u00e9visions m\u00e9t\u00e9orologiques pour le dimanche 27 mars 2022<\/a> appeared first on <a rel=\"nofollow\" href=\"https:\/\/www.mapmarrakech.ma\/fr\">MapMarrakech<\/a>.<\/p>\n<\/div>\n<p>Auteur: Meriem IGASS<br \/>\n<a href=\"https:\/\/www.mapmarrakech.ma\/fr\/previsions-meteorologiques-pour-le-dimanche-27-mars-2022\/\">Cliquez ici pour lire l&rsquo;article depuis sa source.<\/a><\/p>\n","protected":false},"excerpt":{"rendered":"<p>\u2013 Faibles pluies ou bruine sur l\u2019ouest de la M\u00e9diterran\u00e9e. \u2013\u00a0Temps stable ailleurs. \u2013 Formations brumeuses par endroits sur les plaines nord et centre. \u2013 Rafales de vent assez fortes \u00e0 fortes sur le Tang\u00e9rois. \u2013 Temps assez froid, la matin\u00e9e et la nuit, sur l\u2019Atlas et le Rif avec gel\u00e9e locale ou verglas. \u2013 [&hellip;]<\/p>\n","protected":false},"author":1788,"featured_media":0,"comment_status":"closed","ping_status":"closed","sticky":false,"template":"","format":"standard","meta":{"fifu_image_url":"https:\/\/www.mapmarrakech.ma\/map\/uploads\/2022\/03\/soleil_m\u00e9t\u00e9o-3-1.jpg","fifu_image_alt":"Pr\u00e9visions m\u00e9t\u00e9orologiques pour le dimanche 27 mars 2022","footnotes":""},"categories":[54,76],"tags":[],"class_list":["post-144014","post","type-post","status-publish","format-standard","hentry","category-maroc","category-regions"],"_links":{"self":[{"href":"https:\/\/linitiative.ca\/International\/wp-json\/wp\/v2\/posts\/144014","targetHints":{"allow":["GET"]}}],"collection":[{"href":"https:\/\/linitiative.ca\/International\/wp-json\/wp\/v2\/posts"}],"about":[{"href":"https:\/\/linitiative.ca\/International\/wp-json\/wp\/v2\/types\/post"}],"author":[{"embeddable":true,"href":"https:\/\/linitiative.ca\/International\/wp-json\/wp\/v2\/users\/1788"}],"replies":[{"embeddable":true,"href":"https:\/\/linitiative.ca\/International\/wp-json\/wp\/v2\/comments?post=144014"}],"version-history":[{"count":0,"href":"https:\/\/linitiative.ca\/International\/wp-json\/wp\/v2\/posts\/144014\/revisions"}],"wp:attachment":[{"href":"https:\/\/linitiative.ca\/International\/wp-json\/wp\/v2\/media?parent=144014"}],"wp:term":[{"taxonomy":"category","embeddable":true,"href":"https:\/\/linitiative.ca\/International\/wp-json\/wp\/v2\/categories?post=144014"},{"taxonomy":"post_tag","embeddable":true,"href":"https:\/\/linitiative.ca\/International\/wp-json\/wp\/v2\/tags?post=144014"}],"curies":[{"name":"wp","href":"https:\/\/api.w.org\/{rel}","templated":true}]}}