{"id":144017,"date":"2022-03-26T05:02:00","date_gmt":"2022-03-26T09:02:00","guid":{"rendered":"https:\/\/linitiative.ca\/International\/croissance-la-recente-prevision-de-bam-a-relativiser\/"},"modified":"2022-03-26T05:02:00","modified_gmt":"2022-03-26T09:02:00","slug":"croissance-la-recente-prevision-de-bam-a-relativiser","status":"publish","type":"post","link":"https:\/\/linitiative.ca\/International\/croissance-la-recente-prevision-de-bam-a-relativiser\/","title":{"rendered":"Croissance: la r\u00e9cente pr\u00e9vision de BAM \u00e0 relativiser"},"content":{"rendered":"<div>\n<div class=\"field field-name-body field-type-text-with-summary field-label-hidden\">\n<div class=\"field-items\">\n<div class=\"field-item even\" property=\"content:encoded\">\n<p>Compte tenu qu\u2019elle ne tient pas compte des derni\u00e8res pr\u00e9cipitations pluviom\u00e9triques, la r\u00e9vision \u00e0 la baisse de la pr\u00e9vision de Bank Al-Maghrib (BAM) de la croissance pour 2022 \u00e0 0,7% est \u00e0 relativiser,\u00a0selon Attijari Global Research (AGR).<\/p>\n<\/div>\n<\/div>\n<\/div>\n<\/div>\n<p>Auteur: mbasraoui<br \/>\n<a href=\"https:\/\/www.leconomiste.com\/flash-infos\/croissance-la-recente-prevision-de-bam-relativiser\">Cliquez ici pour lire l&rsquo;article depuis sa source.<\/a><\/p>\n","protected":false},"excerpt":{"rendered":"<p>Compte tenu qu\u2019elle ne tient pas compte des derni\u00e8res pr\u00e9cipitations pluviom\u00e9triques, la r\u00e9vision \u00e0 la baisse de la pr\u00e9vision de Bank Al-Maghrib (BAM) de la croissance pour 2022 \u00e0 0,7% est \u00e0 relativiser,\u00a0selon Attijari Global Research (AGR). Auteur: mbasraoui Cliquez ici pour lire l&rsquo;article depuis sa source.<\/p>\n","protected":false},"author":1763,"featured_media":0,"comment_status":"closed","ping_status":"closed","sticky":false,"template":"","format":"standard","meta":{"fifu_image_url":"","fifu_image_alt":"","footnotes":""},"categories":[78,54],"tags":[],"class_list":["post-144017","post","type-post","status-publish","format-standard","hentry","category-economie","category-maroc"],"_links":{"self":[{"href":"https:\/\/linitiative.ca\/International\/wp-json\/wp\/v2\/posts\/144017","targetHints":{"allow":["GET"]}}],"collection":[{"href":"https:\/\/linitiative.ca\/International\/wp-json\/wp\/v2\/posts"}],"about":[{"href":"https:\/\/linitiative.ca\/International\/wp-json\/wp\/v2\/types\/post"}],"author":[{"embeddable":true,"href":"https:\/\/linitiative.ca\/International\/wp-json\/wp\/v2\/users\/1763"}],"replies":[{"embeddable":true,"href":"https:\/\/linitiative.ca\/International\/wp-json\/wp\/v2\/comments?post=144017"}],"version-history":[{"count":0,"href":"https:\/\/linitiative.ca\/International\/wp-json\/wp\/v2\/posts\/144017\/revisions"}],"wp:attachment":[{"href":"https:\/\/linitiative.ca\/International\/wp-json\/wp\/v2\/media?parent=144017"}],"wp:term":[{"taxonomy":"category","embeddable":true,"href":"https:\/\/linitiative.ca\/International\/wp-json\/wp\/v2\/categories?post=144017"},{"taxonomy":"post_tag","embeddable":true,"href":"https:\/\/linitiative.ca\/International\/wp-json\/wp\/v2\/tags?post=144017"}],"curies":[{"name":"wp","href":"https:\/\/api.w.org\/{rel}","templated":true}]}}