{"id":144019,"date":"2022-03-26T10:58:02","date_gmt":"2022-03-26T14:58:02","guid":{"rendered":"https:\/\/linitiative.ca\/International\/cfc-en-tete-des-centres-financiers-en-afrique\/"},"modified":"2022-03-26T10:58:02","modified_gmt":"2022-03-26T14:58:02","slug":"cfc-en-tete-des-centres-financiers-en-afrique","status":"publish","type":"post","link":"https:\/\/linitiative.ca\/International\/cfc-en-tete-des-centres-financiers-en-afrique\/","title":{"rendered":"CFC en t\u00eate des centres financiers en Afrique"},"content":{"rendered":"<div>\n<div class=\"field field-name-body field-type-text-with-summary field-label-hidden\">\n<div class=\"field-items\">\n<div class=\"field-item even\" property=\"content:encoded\">\n<p class=\"rtejustify\">La place financi\u00e8re Casablanca Finance City (CFC)\u00a0occupe d\u00e9sormais la 54e position mondiale dans la derni\u00e8re \u00e9dition du classement\u00a0des meilleurs centres financiers internationaux,\u00a0\u00e9tabli par le Global Financial Centres Index (GFCI), et maintient sa\u00a0premi\u00e8re position en Afrique.<\/p>\n<\/div>\n<\/div>\n<\/div>\n<\/div>\n<p>Auteur: mbasraoui<br \/>\n<a href=\"https:\/\/www.leconomiste.com\/flash-infos\/cfc-en-tete-des-centres-financiers-en-afrique-0\">Cliquez ici pour lire l&rsquo;article depuis sa source.<\/a><\/p>\n","protected":false},"excerpt":{"rendered":"<p>La place financi\u00e8re Casablanca Finance City (CFC)\u00a0occupe d\u00e9sormais la 54e position mondiale dans la derni\u00e8re \u00e9dition du classement\u00a0des meilleurs centres financiers internationaux,\u00a0\u00e9tabli par le Global Financial Centres Index (GFCI), et maintient sa\u00a0premi\u00e8re position en Afrique. Auteur: mbasraoui Cliquez ici pour lire l&rsquo;article depuis sa source.<\/p>\n","protected":false},"author":1763,"featured_media":0,"comment_status":"closed","ping_status":"closed","sticky":false,"template":"","format":"standard","meta":{"fifu_image_url":"","fifu_image_alt":"","footnotes":""},"categories":[78,54],"tags":[],"class_list":["post-144019","post","type-post","status-publish","format-standard","hentry","category-economie","category-maroc"],"_links":{"self":[{"href":"https:\/\/linitiative.ca\/International\/wp-json\/wp\/v2\/posts\/144019","targetHints":{"allow":["GET"]}}],"collection":[{"href":"https:\/\/linitiative.ca\/International\/wp-json\/wp\/v2\/posts"}],"about":[{"href":"https:\/\/linitiative.ca\/International\/wp-json\/wp\/v2\/types\/post"}],"author":[{"embeddable":true,"href":"https:\/\/linitiative.ca\/International\/wp-json\/wp\/v2\/users\/1763"}],"replies":[{"embeddable":true,"href":"https:\/\/linitiative.ca\/International\/wp-json\/wp\/v2\/comments?post=144019"}],"version-history":[{"count":0,"href":"https:\/\/linitiative.ca\/International\/wp-json\/wp\/v2\/posts\/144019\/revisions"}],"wp:attachment":[{"href":"https:\/\/linitiative.ca\/International\/wp-json\/wp\/v2\/media?parent=144019"}],"wp:term":[{"taxonomy":"category","embeddable":true,"href":"https:\/\/linitiative.ca\/International\/wp-json\/wp\/v2\/categories?post=144019"},{"taxonomy":"post_tag","embeddable":true,"href":"https:\/\/linitiative.ca\/International\/wp-json\/wp\/v2\/tags?post=144019"}],"curies":[{"name":"wp","href":"https:\/\/api.w.org\/{rel}","templated":true}]}}