{"id":144023,"date":"2022-03-25T16:09:00","date_gmt":"2022-03-25T20:09:00","guid":{"rendered":"https:\/\/linitiative.ca\/International\/mahrez-je-pense-quon-etait-pret-a-100\/"},"modified":"2022-03-25T16:09:00","modified_gmt":"2022-03-25T20:09:00","slug":"mahrez-je-pense-quon-etait-pret-a-100","status":"publish","type":"post","link":"https:\/\/linitiative.ca\/International\/mahrez-je-pense-quon-etait-pret-a-100\/","title":{"rendered":"Mahrez : \u00ab\u00a0Je pense qu\u2019on \u00e9tait pr\u00eat \u00e0 100%\u00a0\u00bb"},"content":{"rendered":"<div>En conf\u00e9rence d&rsquo;apr\u00e8s-match, Riyad Mahrez n&rsquo;a pas cach\u00e9 sa satisfaction apr\u00e8s le succ\u00e8s obtenu face au Cameroun<\/div>\n<p>Auteur:<br \/>\n<a href=\"https:\/\/www.lebuteur.com\/article\/detail?titre=mahrez-je-pense-quon-etait-pret-a-100&#038;id=102571\">Cliquez ici pour lire l&rsquo;article depuis sa source.<\/a><\/p>\n","protected":false},"excerpt":{"rendered":"<p>En conf\u00e9rence d&rsquo;apr\u00e8s-match, Riyad Mahrez n&rsquo;a pas cach\u00e9 sa satisfaction apr\u00e8s le succ\u00e8s obtenu face au Cameroun Auteur: Cliquez ici pour lire l&rsquo;article depuis sa source.<\/p>\n","protected":false},"author":1738,"featured_media":0,"comment_status":"closed","ping_status":"closed","sticky":false,"template":"","format":"standard","meta":{"fifu_image_url":"","fifu_image_alt":"","footnotes":""},"categories":[53,75],"tags":[],"class_list":["post-144023","post","type-post","status-publish","format-standard","hentry","category-algerie","category-sport"],"_links":{"self":[{"href":"https:\/\/linitiative.ca\/International\/wp-json\/wp\/v2\/posts\/144023","targetHints":{"allow":["GET"]}}],"collection":[{"href":"https:\/\/linitiative.ca\/International\/wp-json\/wp\/v2\/posts"}],"about":[{"href":"https:\/\/linitiative.ca\/International\/wp-json\/wp\/v2\/types\/post"}],"author":[{"embeddable":true,"href":"https:\/\/linitiative.ca\/International\/wp-json\/wp\/v2\/users\/1738"}],"replies":[{"embeddable":true,"href":"https:\/\/linitiative.ca\/International\/wp-json\/wp\/v2\/comments?post=144023"}],"version-history":[{"count":0,"href":"https:\/\/linitiative.ca\/International\/wp-json\/wp\/v2\/posts\/144023\/revisions"}],"wp:attachment":[{"href":"https:\/\/linitiative.ca\/International\/wp-json\/wp\/v2\/media?parent=144023"}],"wp:term":[{"taxonomy":"category","embeddable":true,"href":"https:\/\/linitiative.ca\/International\/wp-json\/wp\/v2\/categories?post=144023"},{"taxonomy":"post_tag","embeddable":true,"href":"https:\/\/linitiative.ca\/International\/wp-json\/wp\/v2\/tags?post=144023"}],"curies":[{"name":"wp","href":"https:\/\/api.w.org\/{rel}","templated":true}]}}