{"id":144026,"date":"2022-03-26T14:25:00","date_gmt":"2022-03-26T18:25:00","guid":{"rendered":"https:\/\/linitiative.ca\/International\/moncef-charfeddine-souffrant\/"},"modified":"2022-03-26T14:25:00","modified_gmt":"2022-03-26T18:25:00","slug":"moncef-charfeddine-souffrant","status":"publish","type":"post","link":"https:\/\/linitiative.ca\/International\/moncef-charfeddine-souffrant\/","title":{"rendered":"Moncef  Charfeddine souffrant"},"content":{"rendered":"<div><img decoding=\"async\" src=\"https:\/\/linitiative.ca\/International\/wp-content\/uploads\/sites\/23\/2022\/03\/1648320191_article.jpg\" alt=\"Moncef  Charfeddine souffrant\" align=\"left\">Par Abdelkader Maalej &#8211; Notre grand ami et \u00e9crivain depuis 70 ans, Moncef Charfeddine est souffrant. Souhaitons-lui un prompt r\u00e9tablissement.<br \/>\nQui est Moncef Charfeddine et que peut-on dire de lui et de son \u0153uvre ? Ag\u00e9 maintenant de 94 ans, il a \u00e9t\u00e9 jusqu\u2019ici un auteur prolifique et a eu une\u00a0 vie culturelle intense.<br \/>\nOriginaire de Sousse et fils d\u2019une famille modeste il a fait ses \u00e9tudes primaires et secondaires \u00e0 Sousse puis au coll\u00e8ge Sadiki \u00e0 Tunis. Ayant obtenu son baccalaur\u00e9at, il fut d\u00e9sign\u00e9 instituteur \u00e0 Djerba. Mais tr\u00e8s vite, il quitta l\u2019enseignement pour aller continuer ses \u00e9tudes \u00e0 la Sorbonne o\u00f9 il obtint la licence es lettres arabes. A Paris il fit la &#8230;<\/p>\n<\/div>\n<p>Auteur:<br \/>\n<a href=\"https:\/\/www.leaders.com.tn\/article\/33138-moncef-charfeddine-souffrant\">Cliquez ici pour lire l&rsquo;article depuis sa source.<\/a><\/p>\n","protected":false},"excerpt":{"rendered":"<p>Par Abdelkader Maalej &#8211; Notre grand ami et \u00e9crivain depuis 70 ans, Moncef Charfeddine est souffrant. Souhaitons-lui un prompt r\u00e9tablissement. Qui est Moncef Charfeddine et que peut-on dire de lui et de son \u0153uvre ? Ag\u00e9 maintenant de 94 ans, il a \u00e9t\u00e9 jusqu\u2019ici un auteur prolifique et a eu une\u00a0 vie culturelle intense. Originaire [&hellip;]<\/p>\n","protected":false},"author":1772,"featured_media":0,"comment_status":"closed","ping_status":"closed","sticky":false,"template":"","format":"standard","meta":{"fifu_image_url":"http:\/\/www.leaders.com.tn\/uploads\/content\/thumbnails_small\/1648320191_article.jpg","fifu_image_alt":"Moncef  Charfeddine souffrant","footnotes":""},"categories":[73,55],"tags":[],"class_list":["post-144026","post","type-post","status-publish","format-standard","hentry","category-actualite","category-tunisie"],"_links":{"self":[{"href":"https:\/\/linitiative.ca\/International\/wp-json\/wp\/v2\/posts\/144026","targetHints":{"allow":["GET"]}}],"collection":[{"href":"https:\/\/linitiative.ca\/International\/wp-json\/wp\/v2\/posts"}],"about":[{"href":"https:\/\/linitiative.ca\/International\/wp-json\/wp\/v2\/types\/post"}],"author":[{"embeddable":true,"href":"https:\/\/linitiative.ca\/International\/wp-json\/wp\/v2\/users\/1772"}],"replies":[{"embeddable":true,"href":"https:\/\/linitiative.ca\/International\/wp-json\/wp\/v2\/comments?post=144026"}],"version-history":[{"count":0,"href":"https:\/\/linitiative.ca\/International\/wp-json\/wp\/v2\/posts\/144026\/revisions"}],"wp:attachment":[{"href":"https:\/\/linitiative.ca\/International\/wp-json\/wp\/v2\/media?parent=144026"}],"wp:term":[{"taxonomy":"category","embeddable":true,"href":"https:\/\/linitiative.ca\/International\/wp-json\/wp\/v2\/categories?post=144026"},{"taxonomy":"post_tag","embeddable":true,"href":"https:\/\/linitiative.ca\/International\/wp-json\/wp\/v2\/tags?post=144026"}],"curies":[{"name":"wp","href":"https:\/\/api.w.org\/{rel}","templated":true}]}}