{"id":144028,"date":"2022-03-26T07:46:26","date_gmt":"2022-03-26T11:46:26","guid":{"rendered":"https:\/\/linitiative.ca\/International\/car-of-the-year-morocco-2022-et-voici-les-sept-finalistes\/"},"modified":"2022-03-26T07:46:26","modified_gmt":"2022-03-26T11:46:26","slug":"car-of-the-year-morocco-2022-et-voici-les-sept-finalistes","status":"publish","type":"post","link":"https:\/\/linitiative.ca\/International\/car-of-the-year-morocco-2022-et-voici-les-sept-finalistes\/","title":{"rendered":"Car Of The Year Morocco 2022. Et voici les sept finalistes !"},"content":{"rendered":"<div><img decoding=\"async\" width=\"600\" height=\"343\" src=\"https:\/\/linitiative.ca\/International\/wp-content\/uploads\/sites\/23\/2022\/03\/Photo-COTY-7-nomines-600-x-343.jpg\" class=\"attachment-post-thumbnail size-post-thumbnail wp-post-image\" alt=\"\" loading=\"lazy\" srcset=\"https:\/\/linitiative.ca\/International\/wp-content\/uploads\/sites\/23\/2022\/03\/Photo-COTY-7-nomines-600-x-343.jpg 600w, https:\/\/www.challenge.ma\/wp-content\/uploads\/2022\/03\/Photo-COTY-7-nomines-600-x-343-300x172.jpg 300w, https:\/\/www.challenge.ma\/wp-content\/uploads\/2022\/03\/Photo-COTY-7-nomines-600-x-343-360x206.jpg 360w\" sizes=\"auto, (max-width: 600px) 100vw, 600px\" itemprop=\"image\">L\u2019\u00e9lection\u00a0du\u00a0\u00abCar Of The Year (COTY) Morocco 2022\u00bb conna\u00eetra prochainement son \u00e9pilogue. Le jury de cet \u00e9v\u00e9nement a men\u00e9 \u00e0 bien le 23 mars dernier les essais statiques et dynamiques des 18 mod\u00e8les s\u00e9lectionn\u00e9s. Un premier \u00e9cr\u00e9mage a permis \u00e0 ce m\u00eame jury de d\u00e9terminer sept finalistes. Il faudra attendre en<\/div>\n<p>Auteur: David J\u00e9r\u00e9mie<br \/>\n<a href=\"https:\/\/www.challenge.ma\/car-of-the-year-morocco-2022-et-voici-les-sept-finalistes-235437\/\">Cliquez ici pour lire l&rsquo;article depuis sa source.<\/a><\/p>\n","protected":false},"excerpt":{"rendered":"<p>L\u2019\u00e9lection\u00a0du\u00a0\u00abCar Of The Year (COTY) Morocco 2022\u00bb conna\u00eetra prochainement son \u00e9pilogue. Le jury de cet \u00e9v\u00e9nement a men\u00e9 \u00e0 bien le 23 mars dernier les essais statiques et dynamiques des 18 mod\u00e8les s\u00e9lectionn\u00e9s. Un premier \u00e9cr\u00e9mage a permis \u00e0 ce m\u00eame jury de d\u00e9terminer sept finalistes. Il faudra attendre en Auteur: David J\u00e9r\u00e9mie Cliquez ici [&hellip;]<\/p>\n","protected":false},"author":1787,"featured_media":0,"comment_status":"closed","ping_status":"closed","sticky":false,"template":"","format":"standard","meta":{"fifu_image_url":"https:\/\/www.challenge.ma\/wp-content\/uploads\/2022\/03\/Photo-COTY-7-nomines-600-x-343.jpg","fifu_image_alt":"Car Of The Year Morocco 2022. Et voici les sept finalistes !","footnotes":""},"categories":[78,54],"tags":[],"class_list":["post-144028","post","type-post","status-publish","format-standard","hentry","category-economie","category-maroc"],"_links":{"self":[{"href":"https:\/\/linitiative.ca\/International\/wp-json\/wp\/v2\/posts\/144028","targetHints":{"allow":["GET"]}}],"collection":[{"href":"https:\/\/linitiative.ca\/International\/wp-json\/wp\/v2\/posts"}],"about":[{"href":"https:\/\/linitiative.ca\/International\/wp-json\/wp\/v2\/types\/post"}],"author":[{"embeddable":true,"href":"https:\/\/linitiative.ca\/International\/wp-json\/wp\/v2\/users\/1787"}],"replies":[{"embeddable":true,"href":"https:\/\/linitiative.ca\/International\/wp-json\/wp\/v2\/comments?post=144028"}],"version-history":[{"count":0,"href":"https:\/\/linitiative.ca\/International\/wp-json\/wp\/v2\/posts\/144028\/revisions"}],"wp:attachment":[{"href":"https:\/\/linitiative.ca\/International\/wp-json\/wp\/v2\/media?parent=144028"}],"wp:term":[{"taxonomy":"category","embeddable":true,"href":"https:\/\/linitiative.ca\/International\/wp-json\/wp\/v2\/categories?post=144028"},{"taxonomy":"post_tag","embeddable":true,"href":"https:\/\/linitiative.ca\/International\/wp-json\/wp\/v2\/tags?post=144028"}],"curies":[{"name":"wp","href":"https:\/\/api.w.org\/{rel}","templated":true}]}}