{"id":144034,"date":"2022-03-26T16:57:19","date_gmt":"2022-03-26T20:57:19","guid":{"rendered":"https:\/\/linitiative.ca\/International\/sport-europeen-changement-dheure-heure-dete-2022-des-demain\/"},"modified":"2022-03-26T16:57:19","modified_gmt":"2022-03-26T20:57:19","slug":"sport-europeen-changement-dheure-heure-dete-2022-des-demain","status":"publish","type":"post","link":"https:\/\/linitiative.ca\/International\/sport-europeen-changement-dheure-heure-dete-2022-des-demain\/","title":{"rendered":"Sport Europ\u00e9en \u2013 Changement d\u2019heure : Heure d\u2019\u00e9t\u00e9 2022, d\u00e8s demain"},"content":{"rendered":"<div>\n<p>Attention CHANGEMENT HEURE. Le passage \u00e0 l\u2019heure d\u2019\u00e9t\u00e9 se produit pr\u00e9cis\u00e9ment dimanche 27 mars \u00e0 2h du matin. Sportifs, soyez pr\u00eats \u00e0 bien r\u00e9gler vos montres : \u00e0 2h00 du matin, il sera 3h00. Suite au changement d\u2019heure d\u2019\u00e9t\u00e9, le d\u00e9calage du continent europ\u00e9en avec l\u2019heure solaire s\u2019accro\u00eet d\u2019une heure, le sport europ\u00e9en passe donc [\u2026]<\/p>\n<p>L\u2019article <a href=\"https:\/\/sport.tunisienumerique.com\/sport-europeen-changement-dheure-heure-dete-2022-des-demain\/\">Sport Europ\u00e9en \u2013 Changement d\u2019heure : Heure d\u2019\u00e9t\u00e9 2022, d\u00e8s demain<\/a> est apparu en premier sur <a href=\"https:\/\/www.tunisienumerique.com\/\">Tunisie<\/a>.<\/p>\n<\/div>\n<p>Auteur: Hamza Ben Khlifa<br \/>\n<a href=\"https:\/\/sport.tunisienumerique.com\/sport-europeen-changement-dheure-heure-dete-2022-des-demain\/\">Cliquez ici pour lire l&rsquo;article depuis sa source.<\/a><\/p>\n","protected":false},"excerpt":{"rendered":"<p>Attention CHANGEMENT HEURE. Le passage \u00e0 l\u2019heure d\u2019\u00e9t\u00e9 se produit pr\u00e9cis\u00e9ment dimanche 27 mars \u00e0 2h du matin. Sportifs, soyez pr\u00eats \u00e0 bien r\u00e9gler vos montres : \u00e0 2h00 du matin, il sera 3h00. Suite au changement d\u2019heure d\u2019\u00e9t\u00e9, le d\u00e9calage du continent europ\u00e9en avec l\u2019heure solaire s\u2019accro\u00eet d\u2019une heure, le sport europ\u00e9en passe donc [&hellip;]<\/p>\n","protected":false},"author":1789,"featured_media":0,"comment_status":"closed","ping_status":"closed","sticky":false,"template":"","format":"standard","meta":{"fifu_image_url":"","fifu_image_alt":"","footnotes":""},"categories":[73,55],"tags":[],"class_list":["post-144034","post","type-post","status-publish","format-standard","hentry","category-actualite","category-tunisie"],"_links":{"self":[{"href":"https:\/\/linitiative.ca\/International\/wp-json\/wp\/v2\/posts\/144034","targetHints":{"allow":["GET"]}}],"collection":[{"href":"https:\/\/linitiative.ca\/International\/wp-json\/wp\/v2\/posts"}],"about":[{"href":"https:\/\/linitiative.ca\/International\/wp-json\/wp\/v2\/types\/post"}],"author":[{"embeddable":true,"href":"https:\/\/linitiative.ca\/International\/wp-json\/wp\/v2\/users\/1789"}],"replies":[{"embeddable":true,"href":"https:\/\/linitiative.ca\/International\/wp-json\/wp\/v2\/comments?post=144034"}],"version-history":[{"count":0,"href":"https:\/\/linitiative.ca\/International\/wp-json\/wp\/v2\/posts\/144034\/revisions"}],"wp:attachment":[{"href":"https:\/\/linitiative.ca\/International\/wp-json\/wp\/v2\/media?parent=144034"}],"wp:term":[{"taxonomy":"category","embeddable":true,"href":"https:\/\/linitiative.ca\/International\/wp-json\/wp\/v2\/categories?post=144034"},{"taxonomy":"post_tag","embeddable":true,"href":"https:\/\/linitiative.ca\/International\/wp-json\/wp\/v2\/tags?post=144034"}],"curies":[{"name":"wp","href":"https:\/\/api.w.org\/{rel}","templated":true}]}}