{"id":144035,"date":"2022-03-26T17:08:52","date_gmt":"2022-03-26T21:08:52","guid":{"rendered":"https:\/\/linitiative.ca\/International\/forum-de-doha-la-fondation-du-qatar-annonce-la-creation-du-centre-earthna\/"},"modified":"2022-03-26T17:08:52","modified_gmt":"2022-03-26T21:08:52","slug":"forum-de-doha-la-fondation-du-qatar-annonce-la-creation-du-centre-earthna","status":"publish","type":"post","link":"https:\/\/linitiative.ca\/International\/forum-de-doha-la-fondation-du-qatar-annonce-la-creation-du-centre-earthna\/","title":{"rendered":"Forum de Doha : La \u00ab Fondation du Qatar\u00bb annonce la cr\u00e9ation du Centre \u00ab EARTHNA \u00bb"},"content":{"rendered":"<div>\n<p>Lors du Forum de Doha, la Fondation du Qatar pour l\u2019\u00e9ducation, la science et le d\u00e9veloppement communautaire a annonc\u00e9 la cr\u00e9ation de \u201cEARTHNA \u2013 un Centre pour un future durable\u201d. Il s\u2019agit d\u2019un centre \u00e0 but non lucratif sp\u00e9cialis\u00e9 dans l\u2019\u00e9laboration de politiques et le conseil. Le centre \u201cEARTHNA\u201d s\u2019efforcera d\u2019orienter le syst\u00e8me d\u2019\u00e9ducation, de [\u2026]<\/p>\n<p>L\u2019article <a href=\"https:\/\/www.tunisienumerique.com\/forum-de-doha-la-fondation-du-qatar-annonce-la-creation-du-centre-earthna\/\">Forum de Doha : La \u00ab Fondation du Qatar\u00bb annonce la cr\u00e9ation du Centre \u00ab EARTHNA \u00bb<\/a> est apparu en premier sur <a href=\"https:\/\/www.tunisienumerique.com\/\">Tunisie<\/a>.<\/p>\n<\/div>\n<p>Auteur: rania ben slimane<br \/>\n<a href=\"https:\/\/www.tunisienumerique.com\/forum-de-doha-la-fondation-du-qatar-annonce-la-creation-du-centre-earthna\/\">Cliquez ici pour lire l&rsquo;article depuis sa source.<\/a><\/p>\n","protected":false},"excerpt":{"rendered":"<p>Lors du Forum de Doha, la Fondation du Qatar pour l\u2019\u00e9ducation, la science et le d\u00e9veloppement communautaire a annonc\u00e9 la cr\u00e9ation de \u201cEARTHNA \u2013 un Centre pour un future durable\u201d. Il s\u2019agit d\u2019un centre \u00e0 but non lucratif sp\u00e9cialis\u00e9 dans l\u2019\u00e9laboration de politiques et le conseil. Le centre \u201cEARTHNA\u201d s\u2019efforcera d\u2019orienter le syst\u00e8me d\u2019\u00e9ducation, de [&hellip;]<\/p>\n","protected":false},"author":1789,"featured_media":0,"comment_status":"closed","ping_status":"closed","sticky":false,"template":"","format":"standard","meta":{"fifu_image_url":"","fifu_image_alt":"","footnotes":""},"categories":[73,55],"tags":[],"class_list":["post-144035","post","type-post","status-publish","format-standard","hentry","category-actualite","category-tunisie"],"_links":{"self":[{"href":"https:\/\/linitiative.ca\/International\/wp-json\/wp\/v2\/posts\/144035","targetHints":{"allow":["GET"]}}],"collection":[{"href":"https:\/\/linitiative.ca\/International\/wp-json\/wp\/v2\/posts"}],"about":[{"href":"https:\/\/linitiative.ca\/International\/wp-json\/wp\/v2\/types\/post"}],"author":[{"embeddable":true,"href":"https:\/\/linitiative.ca\/International\/wp-json\/wp\/v2\/users\/1789"}],"replies":[{"embeddable":true,"href":"https:\/\/linitiative.ca\/International\/wp-json\/wp\/v2\/comments?post=144035"}],"version-history":[{"count":0,"href":"https:\/\/linitiative.ca\/International\/wp-json\/wp\/v2\/posts\/144035\/revisions"}],"wp:attachment":[{"href":"https:\/\/linitiative.ca\/International\/wp-json\/wp\/v2\/media?parent=144035"}],"wp:term":[{"taxonomy":"category","embeddable":true,"href":"https:\/\/linitiative.ca\/International\/wp-json\/wp\/v2\/categories?post=144035"},{"taxonomy":"post_tag","embeddable":true,"href":"https:\/\/linitiative.ca\/International\/wp-json\/wp\/v2\/tags?post=144035"}],"curies":[{"name":"wp","href":"https:\/\/api.w.org\/{rel}","templated":true}]}}