{"id":144043,"date":"2022-03-26T08:52:44","date_gmt":"2022-03-26T12:52:44","guid":{"rendered":"https:\/\/linitiative.ca\/International\/insecurite-le-burkina-faso-ravage-est-maintenant-au-bord-dune-crise-de-la-faim\/"},"modified":"2022-03-26T08:52:44","modified_gmt":"2022-03-26T12:52:44","slug":"insecurite-le-burkina-faso-ravage-est-maintenant-au-bord-dune-crise-de-la-faim","status":"publish","type":"post","link":"https:\/\/linitiative.ca\/International\/insecurite-le-burkina-faso-ravage-est-maintenant-au-bord-dune-crise-de-la-faim\/","title":{"rendered":"Ins\u00e9curit\u00e9\u00a0: Le Burkina Faso ravag\u00e9 est maintenant au bord d\u2019une crise de la faim"},"content":{"rendered":"<div>\n<p><strong>Le nombre de personnes d\u00e9plac\u00e9es au Burkina Faso a \u00e9t\u00e9 multipli\u00e9 par dix l\u2019ann\u00e9e derni\u00e8re, pour atteindre plus de 560 000. Ce chiffre devrait monter en fl\u00e8che pour atteindre 900 000 personnes d\u2019ici avril de cette ann\u00e9e, alors que les violences continuent de contraindre des familles \u00e0 quitter leur foyer.<\/strong><\/p>\n<p>\u00ab\u00a0Le Burkina Faso a besoin de bien plus que des balles et des bombes. L\u2019engagement militaire seul ne permet pas de prot\u00e9ger les communaut\u00e9s vuln\u00e9rables. Les \u00e9tats soutenants les efforts militaires pour r\u00e9primer les violences n\u2019ont pas encore r\u00e9pondu aux \u00e9normes besoins humanitaires avec la m\u00eame intensit\u00e9\u00a0\u00bb, a averti le secr\u00e9taire g\u00e9n\u00e9ral du\u00a0Conseil norv\u00e9gien pour les r\u00e9fugi\u00e9s (NRC), Jan Egeland.<\/p>\n<p>La France et les \u00c9tats de la r\u00e9gion du Sahel ont renforc\u00e9 la r\u00e9ponse, essentiellement s\u00e9curitaire contre la violence aveugle de nombreux militants arm\u00e9s dans le nord et l\u2019est du Burkina Faso. Mais certaines des op\u00e9rations militaires \u00e0 grande \u00e9chelle contre les groupes arm\u00e9s ont eu des cons\u00e9quences humanitaires d\u00e9sastreuses, for\u00e7ant les communaut\u00e9s \u00e0 fuir leurs foyers par milliers.<\/p>\n<p>Le pays est maintenant au bord d\u2019une crise de la faim. Une personne sur dix au Burkina Faso aura besoin d\u2019une aide alimentaire d\u2019ici le mois de juin. La violence aggrave \u00e9galement les probl\u00e8mes des g\u00e9n\u00e9rations futures, car certains groupes arm\u00e9s prennent d\u00e9lib\u00e9r\u00e9ment pour cible les \u00e9coles et les enseignants, laissant plus de 330 000 enfants sans acc\u00e8s \u00e0 l\u2019\u00e9ducation.<\/p>\n<p>Jan Egeland a d\u00e9clar\u00e9\u00a0: \u00ab\u00a0Dans la ville de Barsalogho, au nord du pays, j\u2019ai entendu des histoires de certains des 70 000 habitants qui ont r\u00e9cemment fui. Ils survivent dans des camps o\u00f9 les besoins en eau, nourriture et \u00e9ducation sont majeurs. Notre travail est gravement entrav\u00e9 par l\u2019ins\u00e9curit\u00e9 et le manque de financement. Les \u00e9tats n\u2019ont pas compris qu\u2019il s\u2019agit de la crise de d\u00e9placement ayant la croissance la plus rapide au monde. Nous assistons \u00e0 une r\u00e9ponse humanitaire minimale pour une catastrophe humaine maximale\u00a0\u00bb.<\/p>\n<p>\u00ab\u00a0Nous devons de toute urgence renforcer notre pr\u00e9sence pour apporter l\u2019aide et la protection dont ces familles ont besoin. Beaucoup m\u2019ont dit qu\u2019ils ne dorment pas la nuit par crainte de nouvelles attaques. La plupart sont des m\u00e8res c\u00e9libataires, les maris et les p\u00e8res \u00e9tant souvent morts ou ayant fui les attaques visant souvent les hommes\u00a0\u00bb, a d\u00e9clar\u00e9 M. Egeland.<\/p>\n<p>La communaut\u00e9 internationale, aux c\u00f4t\u00e9s des acteurs r\u00e9gionaux qui soutiennent la r\u00e9ponse militaire, doit \u00e9galement reconna\u00eetre les causes profondes du conflit et r\u00e9tablir le dialogue entre les communaut\u00e9s et les autorit\u00e9s.<\/p>\n<p><strong>\u00a0<\/strong><strong>La R\u00e9daction<\/strong><\/p>\n<p>L\u2019article <a rel=\"nofollow\" href=\"https:\/\/www.sidwaya.info\/blog\/2022\/03\/26\/insecurite-le-burkina-faso-ravage-est-maintenant-au-bord-dune-crise-de-la-faim\/\">Ins\u00e9curit\u00e9\u00a0: Le Burkina Faso ravag\u00e9 est maintenant au bord d\u2019une crise de la faim<\/a> est apparu en premier sur <a rel=\"nofollow\" href=\"https:\/\/www.sidwaya.info\/\">Quotidien Sidwaya<\/a>.<\/p>\n<\/div>\n<p>Auteur: Wamini SIDWAYA<br \/>\n<a href=\"https:\/\/www.sidwaya.info\/blog\/2022\/03\/26\/insecurite-le-burkina-faso-ravage-est-maintenant-au-bord-dune-crise-de-la-faim\/?utm_source=rss&#038;utm_medium=rss&#038;utm_campaign=insecurite-le-burkina-faso-ravage-est-maintenant-au-bord-dune-crise-de-la-faim\">Cliquez ici pour lire l&rsquo;article depuis sa source.<\/a><\/p>\n","protected":false},"excerpt":{"rendered":"<p>Le nombre de personnes d\u00e9plac\u00e9es au Burkina Faso a \u00e9t\u00e9 multipli\u00e9 par dix l\u2019ann\u00e9e derni\u00e8re, pour atteindre plus de 560 000. Ce chiffre devrait monter en fl\u00e8che pour atteindre 900 000 personnes d\u2019ici avril de cette ann\u00e9e, alors que les violences continuent de contraindre des familles \u00e0 quitter leur foyer. \u00ab\u00a0Le Burkina Faso a besoin [&hellip;]<\/p>\n","protected":false},"author":1816,"featured_media":0,"comment_status":"closed","ping_status":"closed","sticky":false,"template":"","format":"standard","meta":{"fifu_image_url":"","fifu_image_alt":"","footnotes":""},"categories":[73,81],"tags":[],"class_list":["post-144043","post","type-post","status-publish","format-standard","hentry","category-actualite","category-burkina-faso"],"_links":{"self":[{"href":"https:\/\/linitiative.ca\/International\/wp-json\/wp\/v2\/posts\/144043","targetHints":{"allow":["GET"]}}],"collection":[{"href":"https:\/\/linitiative.ca\/International\/wp-json\/wp\/v2\/posts"}],"about":[{"href":"https:\/\/linitiative.ca\/International\/wp-json\/wp\/v2\/types\/post"}],"author":[{"embeddable":true,"href":"https:\/\/linitiative.ca\/International\/wp-json\/wp\/v2\/users\/1816"}],"replies":[{"embeddable":true,"href":"https:\/\/linitiative.ca\/International\/wp-json\/wp\/v2\/comments?post=144043"}],"version-history":[{"count":0,"href":"https:\/\/linitiative.ca\/International\/wp-json\/wp\/v2\/posts\/144043\/revisions"}],"wp:attachment":[{"href":"https:\/\/linitiative.ca\/International\/wp-json\/wp\/v2\/media?parent=144043"}],"wp:term":[{"taxonomy":"category","embeddable":true,"href":"https:\/\/linitiative.ca\/International\/wp-json\/wp\/v2\/categories?post=144043"},{"taxonomy":"post_tag","embeddable":true,"href":"https:\/\/linitiative.ca\/International\/wp-json\/wp\/v2\/tags?post=144043"}],"curies":[{"name":"wp","href":"https:\/\/api.w.org\/{rel}","templated":true}]}}