{"id":144044,"date":"2022-03-25T23:18:03","date_gmt":"2022-03-26T03:18:03","guid":{"rendered":"https:\/\/linitiative.ca\/International\/cote-divoire-le-portefeuille-de-la-banque-mondiale-estime-a-2126-milliards-f-cfa\/"},"modified":"2022-03-25T23:18:03","modified_gmt":"2022-03-26T03:18:03","slug":"cote-divoire-le-portefeuille-de-la-banque-mondiale-estime-a-2126-milliards-f-cfa","status":"publish","type":"post","link":"https:\/\/linitiative.ca\/International\/cote-divoire-le-portefeuille-de-la-banque-mondiale-estime-a-2126-milliards-f-cfa\/","title":{"rendered":"C\u00f4te d\u2019Ivoire : le portefeuille de la Banque Mondiale estim\u00e9 \u00e0 2126 milliards F CFA"},"content":{"rendered":"<div>\n<p><img decoding=\"async\" width=\"800\" height=\"533\" src=\"https:\/\/linitiative.ca\/International\/wp-content\/uploads\/sites\/23\/2022\/03\/16482646832011.jpg\" class=\"attachment-post-thumbnail size-post-thumbnail wp-post-image\" alt=\"\" loading=\"lazy\" srcset=\"https:\/\/linitiative.ca\/International\/wp-content\/uploads\/sites\/23\/2022\/03\/16482646832011.jpg 800w, https:\/\/www.journalducameroun.com\/wp-content\/uploads\/2022\/03\/16482646832011-300x200.jpg 300w, https:\/\/www.journalducameroun.com\/wp-content\/uploads\/2022\/03\/16482646832011-768x512.jpg 768w, https:\/\/www.journalducameroun.com\/wp-content\/uploads\/2022\/03\/16482646832011-660x440.jpg 660w, https:\/\/www.journalducameroun.com\/wp-content\/uploads\/2022\/03\/16482646832011-600x400.jpg 600w\" sizes=\"auto, (max-width: 800px) 100vw, 800px\"><\/p>\n<p>La 9e \u00e9dition de la Revue annuelle de l&rsquo;institution financi\u00e8re, tenue jeudi dernier, d\u00e9compte 27 projets actifs dont 22 nationaux et 5 projets r\u00e9gionaux.La C\u00f4te d&rsquo;Ivoire a atteint un taux d&rsquo;absorption de 9,8 % des fonds allou\u00e9s par la Banque Mondiale pour le financement ou le co-financement de projets de d\u00e9veloppement qui portent notamment sur le d\u00e9veloppement humain, l&rsquo;\u00e9lectricit\u00e9, la mobilit\u00e9 urbaine et les services sociaux de base. Ce pays vise 18 % d&rsquo;ici juin 2022.<\/p>\n<p>La Directrice des op\u00e9rations de l&rsquo;institution de Bretton Woods en C\u00f4te d&rsquo;Ivoire, Coralie Gevers, a salu\u00e9 l&rsquo;esprit de coop\u00e9ration et de franchise dans la revue du portefeuille, non sans faire observer qu&rsquo; \u00ab il y a\u00a0encore\u00a0du travail \u00e0\u00a0effectuer \u00bb pour l&rsquo;absorption des fonds allou\u00e9s.<\/p>\n<p>Pour sa part, le ministre ivoirien de l&rsquo;Economie et des Finances, Adama Coulibaly, a indiqu\u00e9 que le portefeuille comprend \u00e9galement 11 autres projets chiffr\u00e9s \u00e0 pr\u00e8s de 1,5 milliard de dollars. De plus, des dispositions sont en gestation pour un appui budg\u00e9taire de l&rsquo;ordre de 300 millions de dollars.<\/p>\n<p>\u00ab Il convient toutefois de garder \u00e0 l&rsquo;esprit que le volume du portefeuille n\u00e9cessite un changement d&rsquo;approche. Cette mutation va impacter positivement notre mode op\u00e9ratoire pour r\u00e9pondre avec plus d&rsquo;agilit\u00e9 \u00e0 certaines contraintes majeures dont l&rsquo;absorption rapide des ressources \u00bb, a expliqu\u00e9 M. Coulibaly.<\/p>\n<p>D\u00e9sormais, tous les projets de la C\u00f4te d&rsquo;Ivoire, approuv\u00e9s par le Conseil d&rsquo;administration de la Banque Mondiale, devront entrer en vigueur dans un d\u00e9lai de trois mois au maximum.<\/p>\n<p>Cet article <a rel=\"nofollow\" href=\"https:\/\/www.journalducameroun.com\/cote-divoire-le-portefeuille-de-la-banque-mondiale-estime-a-2126-milliards-f-cfa\/\">C\u00f4te d\u2019Ivoire : le portefeuille de la Banque Mondiale estim\u00e9 \u00e0 2126 milliards F CFA<\/a> est apparu en premier sur <a rel=\"nofollow\" href=\"https:\/\/www.journalducameroun.com\/\">Journal du Cameroun<\/a>.<\/p>\n<\/div>\n<p>Auteur: APA News<br \/>\n<a href=\"https:\/\/www.journalducameroun.com\/cote-divoire-le-portefeuille-de-la-banque-mondiale-estime-a-2126-milliards-f-cfa\/\">Cliquez ici pour lire l&rsquo;article depuis sa source.<\/a><\/p>\n","protected":false},"excerpt":{"rendered":"<p>La 9e \u00e9dition de la Revue annuelle de l&rsquo;institution financi\u00e8re, tenue jeudi dernier, d\u00e9compte 27 projets actifs dont 22 nationaux et 5 projets r\u00e9gionaux.La C\u00f4te d&rsquo;Ivoire a atteint un taux d&rsquo;absorption de 9,8 % des fonds allou\u00e9s par la Banque Mondiale pour le financement ou le co-financement de projets de d\u00e9veloppement qui portent notamment sur [&hellip;]<\/p>\n","protected":false},"author":1965,"featured_media":0,"comment_status":"closed","ping_status":"closed","sticky":false,"template":"","format":"standard","meta":{"fifu_image_url":"https:\/\/www.journalducameroun.com\/wp-content\/uploads\/2022\/03\/16482646832011.jpg","fifu_image_alt":"C\u00f4te d\u2019Ivoire : le portefeuille de la Banque Mondiale estim\u00e9 \u00e0 2126 milliards F CFA","footnotes":""},"categories":[73,82],"tags":[],"class_list":["post-144044","post","type-post","status-publish","format-standard","hentry","category-actualite","category-cameroun"],"_links":{"self":[{"href":"https:\/\/linitiative.ca\/International\/wp-json\/wp\/v2\/posts\/144044","targetHints":{"allow":["GET"]}}],"collection":[{"href":"https:\/\/linitiative.ca\/International\/wp-json\/wp\/v2\/posts"}],"about":[{"href":"https:\/\/linitiative.ca\/International\/wp-json\/wp\/v2\/types\/post"}],"author":[{"embeddable":true,"href":"https:\/\/linitiative.ca\/International\/wp-json\/wp\/v2\/users\/1965"}],"replies":[{"embeddable":true,"href":"https:\/\/linitiative.ca\/International\/wp-json\/wp\/v2\/comments?post=144044"}],"version-history":[{"count":0,"href":"https:\/\/linitiative.ca\/International\/wp-json\/wp\/v2\/posts\/144044\/revisions"}],"wp:attachment":[{"href":"https:\/\/linitiative.ca\/International\/wp-json\/wp\/v2\/media?parent=144044"}],"wp:term":[{"taxonomy":"category","embeddable":true,"href":"https:\/\/linitiative.ca\/International\/wp-json\/wp\/v2\/categories?post=144044"},{"taxonomy":"post_tag","embeddable":true,"href":"https:\/\/linitiative.ca\/International\/wp-json\/wp\/v2\/tags?post=144044"}],"curies":[{"name":"wp","href":"https:\/\/api.w.org\/{rel}","templated":true}]}}