{"id":144046,"date":"2022-03-26T05:18:03","date_gmt":"2022-03-26T09:18:03","guid":{"rendered":"https:\/\/linitiative.ca\/International\/la-cedeao-maintient-ses-sanctions-contre-le-mali\/"},"modified":"2022-03-26T05:18:03","modified_gmt":"2022-03-26T09:18:03","slug":"la-cedeao-maintient-ses-sanctions-contre-le-mali","status":"publish","type":"post","link":"https:\/\/linitiative.ca\/International\/la-cedeao-maintient-ses-sanctions-contre-le-mali\/","title":{"rendered":"La Cedeao maintient ses sanctions contre le Mali"},"content":{"rendered":"<div>\n<p><img decoding=\"async\" width=\"305\" height=\"165\" src=\"https:\/\/linitiative.ca\/International\/wp-content\/uploads\/sites\/23\/2022\/03\/16482862831007.jpg\" class=\"attachment-post-thumbnail size-post-thumbnail wp-post-image\" alt=\"\" loading=\"lazy\" srcset=\"https:\/\/linitiative.ca\/International\/wp-content\/uploads\/sites\/23\/2022\/03\/16482862831007.jpg 305w, https:\/\/www.journalducameroun.com\/wp-content\/uploads\/2022\/03\/16482862831007-300x162.jpg 300w\" sizes=\"auto, (max-width: 305px) 100vw, 305px\"><\/p>\n<p>La d\u00e9cision a \u00e9t\u00e9 prise \u00e0 l&rsquo;issue d&rsquo;un sommet extraordinaire des chefs d&rsquo;\u00c9tat de la Cedeao.La Communaut\u00e9 \u00e9conomique des \u00c9tats de l&rsquo;Afrique de l&rsquo;Ouest (Cedeao) a d\u00e9cid\u00e9 de maintenir ses sanctions contre Bamako.<\/p>\n<p>R\u00e9unis en sommet extraordinaire, vendredi soir \u00e0 Accra (Ghana), les pr\u00e9sidents ouest africains ont maintenu le gel des avoirs maliens au sein de la Banque centrale des Etats de l&rsquo;Afrique de l&rsquo;Ouest (BCEAO), sa suspension des aides financi\u00e8res, la fermeture des fronti\u00e8res entre le pays et les \u00c9tats membres de la Communaut\u00e9 \u00e9conomique des Etats de l&rsquo;Afrique de l&rsquo;ouest (Cedeao), la suspension des transactions avec Bamako \u00e0 l&rsquo;exception des produits m\u00e9dicaux et de premi\u00e8re n\u00e9cessit\u00e9 et le retrait des ambassadeurs de tous les pays membres au Mali.<\/p>\n<p>Pourtant jeudi dernier, la Cour de justice de l&rsquo;Union \u00e9conomique et mon\u00e9taire ouest africaine (Uemoa) a suspendu les sanctions de l&rsquo;instance r\u00e9gionale contre le Mali.<\/p>\n<p>La Cedeao a menac\u00e9 de sanctionner la junte guin\u00e9enne si elle ne pr\u00e9sente pas un \u00abcalendrier acceptable pour la transition\u00bb avant fin avril 2022. Pour les militaires au pouvoir au Burkina Faso, ils sont demand\u00e9s de liberer l&rsquo;ex-pr\u00e9sident Roch Marc Christian Kabor\u00e9 d&rsquo;ici au 31 mars 2022.<\/p>\n<p>Cet article <a rel=\"nofollow\" href=\"https:\/\/www.journalducameroun.com\/la-cedeao-maintient-ses-sanctions-contre-le-mali\/\">La Cedeao maintient ses sanctions contre le Mali<\/a> est apparu en premier sur <a rel=\"nofollow\" href=\"https:\/\/www.journalducameroun.com\/\">Journal du Cameroun<\/a>.<\/p>\n<\/div>\n<p>Auteur: APA News<br \/>\n<a href=\"https:\/\/www.journalducameroun.com\/la-cedeao-maintient-ses-sanctions-contre-le-mali\/\">Cliquez ici pour lire l&rsquo;article depuis sa source.<\/a><\/p>\n","protected":false},"excerpt":{"rendered":"<p>La d\u00e9cision a \u00e9t\u00e9 prise \u00e0 l&rsquo;issue d&rsquo;un sommet extraordinaire des chefs d&rsquo;\u00c9tat de la Cedeao.La Communaut\u00e9 \u00e9conomique des \u00c9tats de l&rsquo;Afrique de l&rsquo;Ouest (Cedeao) a d\u00e9cid\u00e9 de maintenir ses sanctions contre Bamako. R\u00e9unis en sommet extraordinaire, vendredi soir \u00e0 Accra (Ghana), les pr\u00e9sidents ouest africains ont maintenu le gel des avoirs maliens au sein [&hellip;]<\/p>\n","protected":false},"author":1965,"featured_media":0,"comment_status":"closed","ping_status":"closed","sticky":false,"template":"","format":"standard","meta":{"fifu_image_url":"https:\/\/www.journalducameroun.com\/wp-content\/uploads\/2022\/03\/16482862831007.jpg","fifu_image_alt":"La Cedeao maintient ses sanctions contre le Mali","footnotes":""},"categories":[73,82],"tags":[],"class_list":["post-144046","post","type-post","status-publish","format-standard","hentry","category-actualite","category-cameroun"],"_links":{"self":[{"href":"https:\/\/linitiative.ca\/International\/wp-json\/wp\/v2\/posts\/144046","targetHints":{"allow":["GET"]}}],"collection":[{"href":"https:\/\/linitiative.ca\/International\/wp-json\/wp\/v2\/posts"}],"about":[{"href":"https:\/\/linitiative.ca\/International\/wp-json\/wp\/v2\/types\/post"}],"author":[{"embeddable":true,"href":"https:\/\/linitiative.ca\/International\/wp-json\/wp\/v2\/users\/1965"}],"replies":[{"embeddable":true,"href":"https:\/\/linitiative.ca\/International\/wp-json\/wp\/v2\/comments?post=144046"}],"version-history":[{"count":0,"href":"https:\/\/linitiative.ca\/International\/wp-json\/wp\/v2\/posts\/144046\/revisions"}],"wp:attachment":[{"href":"https:\/\/linitiative.ca\/International\/wp-json\/wp\/v2\/media?parent=144046"}],"wp:term":[{"taxonomy":"category","embeddable":true,"href":"https:\/\/linitiative.ca\/International\/wp-json\/wp\/v2\/categories?post=144046"},{"taxonomy":"post_tag","embeddable":true,"href":"https:\/\/linitiative.ca\/International\/wp-json\/wp\/v2\/tags?post=144046"}],"curies":[{"name":"wp","href":"https:\/\/api.w.org\/{rel}","templated":true}]}}