{"id":144048,"date":"2022-03-26T06:18:03","date_gmt":"2022-03-26T10:18:03","guid":{"rendered":"https:\/\/linitiative.ca\/International\/des-prestations-a-succes-pour-le-chanteur-ivoirien-detty-k-en-tournee-americaine\/"},"modified":"2022-03-26T06:18:03","modified_gmt":"2022-03-26T10:18:03","slug":"des-prestations-a-succes-pour-le-chanteur-ivoirien-detty-k-en-tournee-americaine","status":"publish","type":"post","link":"https:\/\/linitiative.ca\/International\/des-prestations-a-succes-pour-le-chanteur-ivoirien-detty-k-en-tournee-americaine\/","title":{"rendered":"Des prestations \u00e0 succ\u00e8s pour le chanteur ivoirien Detty K en tourn\u00e9e am\u00e9ricaine"},"content":{"rendered":"<div>\n<p><img decoding=\"async\" width=\"864\" height=\"780\" src=\"https:\/\/linitiative.ca\/International\/wp-content\/uploads\/sites\/23\/2022\/03\/16482898834371.jpg\" class=\"attachment-post-thumbnail size-post-thumbnail wp-post-image\" alt=\"\" loading=\"lazy\" srcset=\"https:\/\/linitiative.ca\/International\/wp-content\/uploads\/sites\/23\/2022\/03\/16482898834371.jpg 864w, https:\/\/www.journalducameroun.com\/wp-content\/uploads\/2022\/03\/16482898834371-300x271.jpg 300w, https:\/\/www.journalducameroun.com\/wp-content\/uploads\/2022\/03\/16482898834371-768x693.jpg 768w, https:\/\/www.journalducameroun.com\/wp-content\/uploads\/2022\/03\/16482898834371-487x440.jpg 487w, https:\/\/www.journalducameroun.com\/wp-content\/uploads\/2022\/03\/16482898834371-600x542.jpg 600w\" sizes=\"auto, (max-width: 864px) 100vw, 864px\"><\/p>\n<p>En tourn\u00e9e am\u00e9ricaine, aux c\u00f4t\u00e9s du c\u00e9l\u00e8bre chanteur fran\u00e7ais Tayc, la star montante ivoirienne Killian Marc Armand Kra Kadet dit \u00ab\u00a0Detty K\u00a0\u00bb, connait un autre coup d&rsquo;acc\u00e9l\u00e9rateur ces derniers jours pour sa carri\u00e8re musicale.Detty K vient d&rsquo;assurer la premi\u00e8re partie de la s\u00e9rie de spectacles du c\u00e9l\u00e8bre chanteur fran\u00e7ais Tayc aux \u00c9tats-Unis. L&rsquo;ovation et l&rsquo;amour qu&rsquo;il a re\u00e7us constituent d\u00e9j\u00e0 une caution forte de sa carri\u00e8re.<\/p>\n<p>\u00a0Le jeune rappeur et auto-compositeur ivoirien a jou\u00e9 successivement \u00e0 New York le 11 mars 2022, Washington DC le 12 mars, et le week-end dernier \u00e0 Miami en Floride, le 19 mars, et Los Angeles en Californie le 20 mars 2022.<\/p>\n<p>\u00a0Ce fut un v\u00e9ritable succ\u00e8s pour Detty K partout o\u00f9 il s&rsquo;est produit. Ses derniers titres \u00ab\u00a0Yaco\u00a0\u00bb et \u00ab\u00a0Djarassouba\u00a0\u00bb ont \u00e9t\u00e9 \u00e0 chaque fois repris en ch\u0153ur par un public tout acquis \u00e0 la cause du \u00ab\u00a0Ivorian giant\u00a0\u00bb, comme l&rsquo;ont surnomm\u00e9 les Am\u00e9ricains.<\/p>\n<p>\u00a0Le concert de New-York, lui, a \u00e9t\u00e9 le plus fort \u00e9motionnellement pour \u00ab\u00a0l&rsquo;enfant de New-York\u00a0\u00bb, qui a d\u00e9but\u00e9 sa vie am\u00e9ricaine dans cette ville et y a fait ses \u00e9tudes secondaires, avant de s&rsquo;installer \u00e0 Dallas pour ses \u00e9tudes sup\u00e9rieures, puis sa carri\u00e8re artistique.<\/p>\n<p>\u00a0Avant d&rsquo;accompagner Tayc, Detty K avait \u00ab\u00a0prest\u00e9\u00a0\u00bb en premi\u00e8re partie des concerts du chanteur Dadju \u00e0 Dallas en janvier 2019, du Canadien A Star \u00e0 Dallas en f\u00e9vrier 2019 et du Nig\u00e9rian Omah Lay en octobre 2021 \u00e0 Houston (Texas).<\/p>\n<p>\u00a0Artiste ind\u00e9pendant polyvalent, ce rappeur et auteur-compositeur ivoirien chante en fran\u00e7ais et en anglais, langues qu&rsquo;il utilise \u00e0 son avantage dans ses titres. \u00c9tabli \u00e0 Dallas, dans l&rsquo;Etat du Texas, il y concilie \u00e0 la fois \u00e9tudes universitaires et carri\u00e8re musicale.<\/p>\n<p>N\u00e9 le 15 ao\u00fbt 1997 \u00e0 Abidjan en C\u00f4te d&rsquo;Ivoire, il a grandi sur les bords de la lagune Ebri\u00e9, mais aussi ailleurs, comme en France (Paris) et aussi \u00e0 New-York, o\u00f9 il a fait ses \u00e9tudes secondaires au lyc\u00e9e Elmont.<\/p>\n<p>Ayant v\u00e9cu dans diff\u00e9rents pays, il a su s&rsquo;adapter \u00e0 diff\u00e9rentes cultures et l&rsquo;appliquer \u00e0 sa musique. Detty K a commenc\u00e9 sa carri\u00e8re musicale apr\u00e8s que son p\u00e8re ait mis fin \u00e0 son r\u00eave de devenir footballeur professionnel. Son p\u00e8re a toujours voulu qu&rsquo;il accorde le plus grand int\u00e9r\u00eat \u00e0 ses \u00e9tudes.<\/p>\n<p>Il a utilis\u00e9 la musique comme une escapade en \u00e9crivant et en trouvant sa propre passion. D\u00e8s l&rsquo;\u00e2ge de 13 ans, il a commenc\u00e9 \u00e0 fr\u00e9quenter les studios pour enregistrer, volant souvent \u00e0 ses parents juste de quoi payer sa pr\u00e9sence dans les studios d&rsquo;enregistrement.<\/p>\n<p>La musique a toujours \u00e9t\u00e9 quelque chose qu&rsquo;il aimait. Cependant, il n&rsquo;a vraiment pris sa carri\u00e8re musicale au s\u00e9rieux qu&rsquo;en 2016, \u00e0 19 ans quand il a officiellement d\u00e9m\u00e9nag\u00e9 \u00e0 Dallas, au Texas, o\u00f9 il r\u00e9side depuis lors.<\/p>\n<p>C&rsquo;est \u00e0 cette \u00e9poque qu&rsquo;il sort son premier album intitul\u00e9 \u00ab\u00a0The new wave\u00a0\u00bb et son single \u00e0 succ\u00e8s \u00ab\u00a0So what\u00a0\u00bb. \u00ab\u00a0So what\u00a0\u00bb est le single qui lui a apport\u00e9 plus de lumi\u00e8re et fait de lui l&rsquo;artiste musical connu et reconnu dans la communaut\u00e9 africaine et am\u00e9ricaine.<\/p>\n<p>Ce premier album a rapidement \u00e9t\u00e9 suivi du deuxi\u00e8me intitul\u00e9 \u00ab\u00a0The Apocalypse\u00a0\u00bb. En dehors de ces albums, Detty K a multipli\u00e9 les collaborations et a continu\u00e9 de prosp\u00e9rer dans l&rsquo;industrie de la musique en m\u00e9langeant son style de musique, attirant aussi bien les francophones que les anglophones.<\/p>\n<p>Cet article <a rel=\"nofollow\" href=\"https:\/\/www.journalducameroun.com\/des-prestations-a-succes-pour-le-chanteur-ivoirien-detty-k-en-tournee-americaine\/\">Des prestations \u00e0 succ\u00e8s pour le chanteur ivoirien Detty K en tourn\u00e9e am\u00e9ricaine<\/a> est apparu en premier sur <a rel=\"nofollow\" href=\"https:\/\/www.journalducameroun.com\/\">Journal du Cameroun<\/a>.<\/p>\n<\/div>\n<p>Auteur: APA News<br \/>\n<a href=\"https:\/\/www.journalducameroun.com\/des-prestations-a-succes-pour-le-chanteur-ivoirien-detty-k-en-tournee-americaine\/\">Cliquez ici pour lire l&rsquo;article depuis sa source.<\/a><\/p>\n","protected":false},"excerpt":{"rendered":"<p>En tourn\u00e9e am\u00e9ricaine, aux c\u00f4t\u00e9s du c\u00e9l\u00e8bre chanteur fran\u00e7ais Tayc, la star montante ivoirienne Killian Marc Armand Kra Kadet dit \u00ab\u00a0Detty K\u00a0\u00bb, connait un autre coup d&rsquo;acc\u00e9l\u00e9rateur ces derniers jours pour sa carri\u00e8re musicale.Detty K vient d&rsquo;assurer la premi\u00e8re partie de la s\u00e9rie de spectacles du c\u00e9l\u00e8bre chanteur fran\u00e7ais Tayc aux \u00c9tats-Unis. L&rsquo;ovation et l&rsquo;amour [&hellip;]<\/p>\n","protected":false},"author":1965,"featured_media":0,"comment_status":"closed","ping_status":"closed","sticky":false,"template":"","format":"standard","meta":{"fifu_image_url":"https:\/\/www.journalducameroun.com\/wp-content\/uploads\/2022\/03\/16482898834371.jpg","fifu_image_alt":"Des prestations \u00e0 succ\u00e8s pour le chanteur ivoirien Detty K en tourn\u00e9e am\u00e9ricaine","footnotes":""},"categories":[73,82],"tags":[],"class_list":["post-144048","post","type-post","status-publish","format-standard","hentry","category-actualite","category-cameroun"],"_links":{"self":[{"href":"https:\/\/linitiative.ca\/International\/wp-json\/wp\/v2\/posts\/144048","targetHints":{"allow":["GET"]}}],"collection":[{"href":"https:\/\/linitiative.ca\/International\/wp-json\/wp\/v2\/posts"}],"about":[{"href":"https:\/\/linitiative.ca\/International\/wp-json\/wp\/v2\/types\/post"}],"author":[{"embeddable":true,"href":"https:\/\/linitiative.ca\/International\/wp-json\/wp\/v2\/users\/1965"}],"replies":[{"embeddable":true,"href":"https:\/\/linitiative.ca\/International\/wp-json\/wp\/v2\/comments?post=144048"}],"version-history":[{"count":0,"href":"https:\/\/linitiative.ca\/International\/wp-json\/wp\/v2\/posts\/144048\/revisions"}],"wp:attachment":[{"href":"https:\/\/linitiative.ca\/International\/wp-json\/wp\/v2\/media?parent=144048"}],"wp:term":[{"taxonomy":"category","embeddable":true,"href":"https:\/\/linitiative.ca\/International\/wp-json\/wp\/v2\/categories?post=144048"},{"taxonomy":"post_tag","embeddable":true,"href":"https:\/\/linitiative.ca\/International\/wp-json\/wp\/v2\/tags?post=144048"}],"curies":[{"name":"wp","href":"https:\/\/api.w.org\/{rel}","templated":true}]}}