{"id":144050,"date":"2022-03-26T06:18:04","date_gmt":"2022-03-26T10:18:04","guid":{"rendered":"https:\/\/linitiative.ca\/International\/cote-divoire-les-retraites-du-conareci-satisfaits-des-resultats-des-reformes-de-lips-cgrae\/"},"modified":"2022-03-26T06:18:04","modified_gmt":"2022-03-26T10:18:04","slug":"cote-divoire-les-retraites-du-conareci-satisfaits-des-resultats-des-reformes-de-lips-cgrae","status":"publish","type":"post","link":"https:\/\/linitiative.ca\/International\/cote-divoire-les-retraites-du-conareci-satisfaits-des-resultats-des-reformes-de-lips-cgrae\/","title":{"rendered":"C\u00f4te d\u2019Ivoire: les retrait\u00e9s du CONARECI satisfaits des r\u00e9sultats des r\u00e9formes de l\u2019IPS-CGRAE"},"content":{"rendered":"<div>\n<p><img decoding=\"async\" width=\"1080\" height=\"720\" src=\"https:\/\/linitiative.ca\/International\/wp-content\/uploads\/sites\/23\/2022\/03\/16482898845922.jpg\" class=\"attachment-post-thumbnail size-post-thumbnail wp-post-image\" alt=\"\" loading=\"lazy\" srcset=\"https:\/\/linitiative.ca\/International\/wp-content\/uploads\/sites\/23\/2022\/03\/16482898845922.jpg 1080w, https:\/\/www.journalducameroun.com\/wp-content\/uploads\/2022\/03\/16482898845922-300x200.jpg 300w, https:\/\/www.journalducameroun.com\/wp-content\/uploads\/2022\/03\/16482898845922-1024x683.jpg 1024w, https:\/\/www.journalducameroun.com\/wp-content\/uploads\/2022\/03\/16482898845922-768x512.jpg 768w, https:\/\/www.journalducameroun.com\/wp-content\/uploads\/2022\/03\/16482898845922-660x440.jpg 660w, https:\/\/www.journalducameroun.com\/wp-content\/uploads\/2022\/03\/16482898845922-600x400.jpg 600w\" sizes=\"auto, (max-width: 1080px) 100vw, 1080px\"><\/p>\n<p>Les retrait\u00e9s du Conseil national des retrait\u00e9s de C\u00f4te d&rsquo;Ivoire (CONARECI) se disent satisfaits des r\u00e9sultats des r\u00e9formes engag\u00e9es par l&rsquo;Institution de pr\u00e9voyance sociale-Caisse g\u00e9n\u00e9rale de retraite des agents de l&rsquo;Etat (IPS-CGRAE), depuis l&rsquo;av\u00e8nement, en 2012, de son directeur g\u00e9n\u00e9ral, Abdrahamane Bert\u00e9.Selon le CONARECI, les choses ont \u00ab\u00a0\u00e9volu\u00e9 positivement\u00a0\u00bb au niveau de l&rsquo;IPS-CGRAE depuis la r\u00e9forme de 2012 qui a\u00a0enregistr\u00e9 l&rsquo;arriv\u00e9e de M. Abdrahamane Bert\u00e9 \u00e0 la t\u00eate de la direction g\u00e9n\u00e9rale de l&rsquo;institution.<\/p>\n<p>Les retrait\u00e9s ont c\u00e9l\u00e9br\u00e9, jeudi, lors d&rsquo;une c\u00e9r\u00e9monie de reconnaissance du CONARECI \u00e0 l&rsquo;IPS-CGRAE \u00e0 travers son directeur g\u00e9n\u00e9ral, les actions majeures men\u00e9es par M. Abdrahamane Bert\u00e9, qui a donn\u00e9 un autre visage \u00e0 la gestion des fonctionnaires \u00e0 la retraite.\u00a0<\/p>\n<p>A cette occasion, l&rsquo;organisation a rendu un vibrant hommage \u00e0 feu Issa Diakit\u00e9, d\u00e9c\u00e9d\u00e9 le 16 mai 2021, ex-pr\u00e9sident du CONARECI qui a l\u00e9gu\u00e9 cet outil, tel un testament \u00e0 son successeur, M. Sebine Etienne Angra, le nouveau pr\u00e9sident. \u00a0<\/p>\n<p>Pour le CONARECI, l&rsquo;arriv\u00e9e de M. Abdrahamane Bert\u00e9, \u00a0en qualit\u00e9 de directeur g\u00e9n\u00e9ral de l&rsquo;IPS-CGRAE, a permis au fonctionnaire et agent de l&rsquo;Etat admis, \u00e0 faire valoir ses droits \u00e0 la retraite et d&rsquo;aborder plus sereinement sa nouvelle vie de retrait\u00e9.<\/p>\n<p>De plus, il a r\u00e9ussi \u00e0 faire de l&rsquo;IPS-CGRAE la premi\u00e8re Caisse de retraite de fonctionnaires, certifi\u00e9e par AFAQ\/AFNOR en Afrique de l&rsquo;Ouest sur l&rsquo;ensemble de ses activit\u00e9s, une certification r\u00e9cemment renouvel\u00e9e pour la deuxi\u00e8me fois cons\u00e9cutive.<\/p>\n<p>Aujourd&rsquo;hui, les retrait\u00e9s peuvent constater la facilit\u00e9 de l&rsquo;acc\u00e8s aux droits des prestations \u00e0 travers l&rsquo;all\u00e8gement notable du nombre de pi\u00e8ces n\u00e9cessaires au traitement d&rsquo;une demande de pension de retraite, qui est pass\u00e9 d&rsquo;une vingtaine \u00e0 seulement cinq pi\u00e8ces requises pour la liquidation des droits.\u00a0<\/p>\n<p>En outre, le CONARECI rel\u00e8ve une profonde r\u00e9forme du circuit de traitement des dossiers avec la mise en place d&rsquo;un guichet unique des pensions repr\u00e9sent\u00e9 par l&rsquo;IPS-CGRAE.<\/p>\n<p>Dans cette optique, l&rsquo;IPS-CGRAE a d\u00e9concentr\u00e9 ses activit\u00e9s afin de se rapprocher davantage de ses assur\u00e9s pour mieux comprendre leurs attentes, faciliter leur acc\u00e8s \u00e0 ses prestations et accro\u00eetre leur satisfaction de fa\u00e7on permanente.<\/p>\n<p>\u00a0Les r\u00e9formes ont favoris\u00e9 \u00e0 en croire le CONARECI des \u00a0services de qualit\u00e9 dans des conditions optimales d&rsquo;accueil, de s\u00e9curit\u00e9 et de confort, et de r\u00e9duire le d\u00e9lai moyen de traitement sup\u00e9rieur \u00e0 365 jours avant la mise en \u0153uvre de la r\u00e9forme, \u00e0 moins de 15 jours aujourd&rsquo;hui.<\/p>\n<p>Par ailleurs, les dossiers complets sont trait\u00e9s et pay\u00e9s en moyenne sur un mois, contre deux, voire trois ans par le pass\u00e9, permettant ainsi aux nouveaux retrait\u00e9s qui s&rsquo;y prennent \u00e0 temps, de toucher leur premi\u00e8re pension d\u00e8s le mois suivant leur d\u00e9part \u00e0 la retraite.\u00a0<\/p>\n<p>Avec l&rsquo;appui du Conseil d&rsquo;administration de l&rsquo;IPS-CGRAE, M. Bert\u00e9 a con\u00e7u et d\u00e9ploy\u00e9 une politique manag\u00e9riale qui a abouti \u00e0 des r\u00e9sultats palpables, dont un des facteurs cl\u00e9s de r\u00e9ussite a \u00e9t\u00e9 la strat\u00e9gie de formalisation des instances repr\u00e9sentatives des retrait\u00e9s \u00e0 travers des associations regroup\u00e9es en fa\u00eeti\u00e8res d&rsquo;associations l\u00e9galement constitu\u00e9es, capables de porter les besoins et attentes de leurs membres aupr\u00e8s de l&rsquo;Institution et d&rsquo;en discuter efficacement avec la direction g\u00e9n\u00e9rale.<\/p>\n<p>Cette strat\u00e9gie a abouti \u00e0 une plateforme de concertation permanente, entre l&rsquo;IPS-CGRAE et ces fa\u00eeti\u00e8res, favorisant au moins une fois par trimestre, des \u00e9changes avec ces fa\u00eeti\u00e8res d&rsquo;associations et un dialogue constant des assur\u00e9s sociaux. \u00a0<\/p>\n<p>Cet article <a rel=\"nofollow\" href=\"https:\/\/www.journalducameroun.com\/cote-divoire-les-retraites-du-conareci-satisfaits-des-resultats-des-reformes-de-lips-cgrae\/\">C\u00f4te d\u2019Ivoire: les retrait\u00e9s du CONARECI satisfaits des r\u00e9sultats des r\u00e9formes de l\u2019IPS-CGRAE<\/a> est apparu en premier sur <a rel=\"nofollow\" href=\"https:\/\/www.journalducameroun.com\/\">Journal du Cameroun<\/a>.<\/p>\n<\/div>\n<p>Auteur: APA News<br \/>\n<a href=\"https:\/\/www.journalducameroun.com\/cote-divoire-les-retraites-du-conareci-satisfaits-des-resultats-des-reformes-de-lips-cgrae\/\">Cliquez ici pour lire l&rsquo;article depuis sa source.<\/a><\/p>\n","protected":false},"excerpt":{"rendered":"<p>Les retrait\u00e9s du Conseil national des retrait\u00e9s de C\u00f4te d&rsquo;Ivoire (CONARECI) se disent satisfaits des r\u00e9sultats des r\u00e9formes engag\u00e9es par l&rsquo;Institution de pr\u00e9voyance sociale-Caisse g\u00e9n\u00e9rale de retraite des agents de l&rsquo;Etat (IPS-CGRAE), depuis l&rsquo;av\u00e8nement, en 2012, de son directeur g\u00e9n\u00e9ral, Abdrahamane Bert\u00e9.Selon le CONARECI, les choses ont \u00ab\u00a0\u00e9volu\u00e9 positivement\u00a0\u00bb au niveau de l&rsquo;IPS-CGRAE depuis la [&hellip;]<\/p>\n","protected":false},"author":1965,"featured_media":0,"comment_status":"closed","ping_status":"closed","sticky":false,"template":"","format":"standard","meta":{"fifu_image_url":"https:\/\/www.journalducameroun.com\/wp-content\/uploads\/2022\/03\/16482898845922.jpg","fifu_image_alt":"C\u00f4te d\u2019Ivoire: les retrait\u00e9s du CONARECI satisfaits des r\u00e9sultats des r\u00e9formes de l\u2019IPS-CGRAE","footnotes":""},"categories":[73,82],"tags":[],"class_list":["post-144050","post","type-post","status-publish","format-standard","hentry","category-actualite","category-cameroun"],"_links":{"self":[{"href":"https:\/\/linitiative.ca\/International\/wp-json\/wp\/v2\/posts\/144050","targetHints":{"allow":["GET"]}}],"collection":[{"href":"https:\/\/linitiative.ca\/International\/wp-json\/wp\/v2\/posts"}],"about":[{"href":"https:\/\/linitiative.ca\/International\/wp-json\/wp\/v2\/types\/post"}],"author":[{"embeddable":true,"href":"https:\/\/linitiative.ca\/International\/wp-json\/wp\/v2\/users\/1965"}],"replies":[{"embeddable":true,"href":"https:\/\/linitiative.ca\/International\/wp-json\/wp\/v2\/comments?post=144050"}],"version-history":[{"count":0,"href":"https:\/\/linitiative.ca\/International\/wp-json\/wp\/v2\/posts\/144050\/revisions"}],"wp:attachment":[{"href":"https:\/\/linitiative.ca\/International\/wp-json\/wp\/v2\/media?parent=144050"}],"wp:term":[{"taxonomy":"category","embeddable":true,"href":"https:\/\/linitiative.ca\/International\/wp-json\/wp\/v2\/categories?post=144050"},{"taxonomy":"post_tag","embeddable":true,"href":"https:\/\/linitiative.ca\/International\/wp-json\/wp\/v2\/tags?post=144050"}],"curies":[{"name":"wp","href":"https:\/\/api.w.org\/{rel}","templated":true}]}}