{"id":144052,"date":"2022-03-26T12:18:03","date_gmt":"2022-03-26T16:18:03","guid":{"rendered":"https:\/\/linitiative.ca\/International\/senegal-le-pont-de-foundiounge-porte-le-nom-de-nelson-mandela\/"},"modified":"2022-03-26T12:18:03","modified_gmt":"2022-03-26T16:18:03","slug":"senegal-le-pont-de-foundiounge-porte-le-nom-de-nelson-mandela","status":"publish","type":"post","link":"https:\/\/linitiative.ca\/International\/senegal-le-pont-de-foundiounge-porte-le-nom-de-nelson-mandela\/","title":{"rendered":"S\u00e9n\u00e9gal : le pont de Foundiounge porte le nom de Nelson Mandela"},"content":{"rendered":"<div>\n<p><img decoding=\"async\" width=\"300\" height=\"168\" src=\"https:\/\/linitiative.ca\/International\/wp-content\/uploads\/sites\/23\/2022\/03\/16483114833000.jpg\" class=\"attachment-post-thumbnail size-post-thumbnail wp-post-image\" alt=\"\" loading=\"lazy\" srcset=\"https:\/\/linitiative.ca\/International\/wp-content\/uploads\/sites\/23\/2022\/03\/16483114833000.jpg 300w, https:\/\/www.journalducameroun.com\/wp-content\/uploads\/2022\/03\/16483114833000-780x440.jpg 780w, https:\/\/www.journalducameroun.com\/wp-content\/uploads\/2022\/03\/16483114833000-160x90.jpg 160w, https:\/\/www.journalducameroun.com\/wp-content\/uploads\/2022\/03\/16483114833000-240x135.jpg 240w\" sizes=\"auto, (max-width: 300px) 100vw, 300px\"><\/p>\n<p>L&rsquo;infrastructure est longue de 1300 m\u00e8tres.Le chef de l&rsquo;\u00c9tat s\u00e9n\u00e9galais a proc\u00e9d\u00e9 ce samedi \u00e0 l&rsquo;inauguration du pont \u00e0 p\u00e9age de Foundiougne portant le nom de l&rsquo;ancin pr\u00e9sident sud-africain, Nelson Mandela.<\/p>\n<p>Pour le pr\u00e9sident Macky Sall, \u00ab\u00a0Nelson Mandela est un illustre fils \u00a0de l&rsquo;Afrique qui a eu \u00e0 pr\u00e9sider l&rsquo;Union africain\u00a0\u00bb.<\/p>\n<p>Lanc\u00e9s en f\u00e9vrier 3028, les travaux de construction du pont \u00e0 p\u00e9age de Foundiougne ont \u00e9t\u00e9 financ\u00e9s \u00e0 hauteur de 45 milliards de francs CFA par l&rsquo;Etat s\u00e9n\u00e9galais et Eximbank of China.<\/p>\n<p>Cet article <a rel=\"nofollow\" href=\"https:\/\/www.journalducameroun.com\/senegal-le-pont-de-foundiounge-porte-le-nom-de-nelson-mandela\/\">S\u00e9n\u00e9gal : le pont de Foundiounge porte le nom de Nelson Mandela<\/a> est apparu en premier sur <a rel=\"nofollow\" href=\"https:\/\/www.journalducameroun.com\/\">Journal du Cameroun<\/a>.<\/p>\n<\/div>\n<p>Auteur: APA News<br \/>\n<a href=\"https:\/\/www.journalducameroun.com\/senegal-le-pont-de-foundiounge-porte-le-nom-de-nelson-mandela\/\">Cliquez ici pour lire l&rsquo;article depuis sa source.<\/a><\/p>\n","protected":false},"excerpt":{"rendered":"<p>L&rsquo;infrastructure est longue de 1300 m\u00e8tres.Le chef de l&rsquo;\u00c9tat s\u00e9n\u00e9galais a proc\u00e9d\u00e9 ce samedi \u00e0 l&rsquo;inauguration du pont \u00e0 p\u00e9age de Foundiougne portant le nom de l&rsquo;ancin pr\u00e9sident sud-africain, Nelson Mandela. Pour le pr\u00e9sident Macky Sall, \u00ab\u00a0Nelson Mandela est un illustre fils \u00a0de l&rsquo;Afrique qui a eu \u00e0 pr\u00e9sider l&rsquo;Union africain\u00a0\u00bb. Lanc\u00e9s en f\u00e9vrier 3028, [&hellip;]<\/p>\n","protected":false},"author":1965,"featured_media":0,"comment_status":"closed","ping_status":"closed","sticky":false,"template":"","format":"standard","meta":{"fifu_image_url":"https:\/\/www.journalducameroun.com\/wp-content\/uploads\/2022\/03\/16483114833000.jpg","fifu_image_alt":"S\u00e9n\u00e9gal : le pont de Foundiounge porte le nom de Nelson Mandela","footnotes":""},"categories":[73,82],"tags":[],"class_list":["post-144052","post","type-post","status-publish","format-standard","hentry","category-actualite","category-cameroun"],"_links":{"self":[{"href":"https:\/\/linitiative.ca\/International\/wp-json\/wp\/v2\/posts\/144052","targetHints":{"allow":["GET"]}}],"collection":[{"href":"https:\/\/linitiative.ca\/International\/wp-json\/wp\/v2\/posts"}],"about":[{"href":"https:\/\/linitiative.ca\/International\/wp-json\/wp\/v2\/types\/post"}],"author":[{"embeddable":true,"href":"https:\/\/linitiative.ca\/International\/wp-json\/wp\/v2\/users\/1965"}],"replies":[{"embeddable":true,"href":"https:\/\/linitiative.ca\/International\/wp-json\/wp\/v2\/comments?post=144052"}],"version-history":[{"count":0,"href":"https:\/\/linitiative.ca\/International\/wp-json\/wp\/v2\/posts\/144052\/revisions"}],"wp:attachment":[{"href":"https:\/\/linitiative.ca\/International\/wp-json\/wp\/v2\/media?parent=144052"}],"wp:term":[{"taxonomy":"category","embeddable":true,"href":"https:\/\/linitiative.ca\/International\/wp-json\/wp\/v2\/categories?post=144052"},{"taxonomy":"post_tag","embeddable":true,"href":"https:\/\/linitiative.ca\/International\/wp-json\/wp\/v2\/tags?post=144052"}],"curies":[{"name":"wp","href":"https:\/\/api.w.org\/{rel}","templated":true}]}}