{"id":144054,"date":"2022-03-26T10:16:24","date_gmt":"2022-03-26T14:16:24","guid":{"rendered":"https:\/\/linitiative.ca\/International\/energie-solaire-le-cameroun-voudrait-reglementer-son-partenariat-avec-lalliance-solaire-internationale\/"},"modified":"2022-03-26T10:16:24","modified_gmt":"2022-03-26T14:16:24","slug":"energie-solaire-le-cameroun-voudrait-reglementer-son-partenariat-avec-lalliance-solaire-internationale","status":"publish","type":"post","link":"https:\/\/linitiative.ca\/International\/energie-solaire-le-cameroun-voudrait-reglementer-son-partenariat-avec-lalliance-solaire-internationale\/","title":{"rendered":"Energie solaire\u00a0: le Cameroun voudrait r\u00e9glementer son partenariat avec l\u2019Alliance solaire internationale"},"content":{"rendered":"<div>\n<p>Le 22 mars 2022, le chef de l\u2019Etat a fait parvenir aux d\u00e9put\u00e9s un projet de loi sur l\u2019am\u00e9lioration de l\u2019offre en \u00e9nergie solaire au Cameroun \u00e0 travers l\u2019adh\u00e9sion \u00e0 l\u2019ASI. Il s\u2019agit pour le Parlement, apr\u00e8s examen et approbation de ce projet de loi, d\u2019autoriser Paul Biya \u00e0 ratifier l\u2019accord cadre amend\u00e9, portant cr\u00e9ation de l\u2019ASI. Cette initiative franco-indienne lanc\u00e9e en 2015 \u00e0 l\u2019occasion de la Cop 21 sur les changements climatiques pourrait faciliter l\u2019acc\u00e8s du Cameroun avoir acc\u00e8s aux technologies solaires innovantes et aux financements qui accompagnent leur mise en \u0153uvre.<\/p>\n<p><strong>Lire aussi : <a href=\"https:\/\/ecomatin.net\/cooperation-sri-lanka-cameroun-bientot-100-mw-denergie-solaire\/\">Coop\u00e9ration Sri-Lanka-Cameroun : bient\u00f4t 100 Mw d\u2019\u00e9nergie solaire<\/a><\/strong><\/p>\n<p>L\u2019occasion de l\u2019examen de ce projet de loi par le Parlement camerounais invite \u00e0 revisiter les politiques publiques en mati\u00e8re de solaire dans un pays dont le potentiel n\u2019est plus \u00e0 d\u00e9montrer. En effet, selon une \u00e9tude transmise le 30 mai 2019 au minist\u00e8re de l\u2019Eau et de l\u2019Energie (Minee), le Cameroun envisageait de porter sa capacit\u00e9 en mati\u00e8re d\u2019\u00e9nergies renouvelables (\u00e0 l\u2019\u00e9poque moins de 1%) \u00e0 25% (11% de la petite hydro\u00e9lectricit\u00e9, 7% pour la biomasse, 6% pour l\u2019\u00e9nergie solaire photovolta\u00efque et 1% de l\u2019\u00e9nergie \u00e9olienne, ndlr) \u00e0 l\u2019horizon 2030. L\u2019\u00e9tude en question r\u00e9v\u00e9lait que\u00a0\u00ab\u00a0le faible recours aux\u00a0\u00e9nergies renouvelables prive plus de 10 millions de personnes d\u2019\u00e9lectricit\u00e9 dans le pays\u00a0\u00bb. Les auteurs de ce document qui fonde la politique camerounaise en la mati\u00e8re \u00a0indiquait que \u00ab\u00a0l\u2019augmentation de cette capacit\u00e9 pourrait permettre au gouvernement camerounais d\u2019apporter un \u00e9quilibrage au mix \u00e9nerg\u00e9tique national domin\u00e9 par l\u2019hydro\u00e9lectricit\u00e9 \u00e0 plus de 90%\u00a0\u00bb.<\/p>\n<p><strong>Lire aussi : <a href=\"https:\/\/ecomatin.net\/energie-electrique-la-centrale-de-guider-r-injecte-deja-10-de-sa-production-previsionnelle-le-rin\/\">Energie \u00e9lectrique : la centrale de Guider injecte d\u00e9j\u00e0 10% de sa production pr\u00e9visionnelle dans le RIN<\/a><\/strong><\/p>\n<p>Pour atteindre cet objectif, les autorit\u00e9s camerounaises ont lanc\u00e9 divers projets augmentant ainsi les investissements dans les \u00e9nergies renouvelables. Le pays a lanc\u00e9 par exemple en 2017, un projet d\u2019\u00e9lectrification de 1000 localit\u00e9s rurales par syst\u00e8me photovolta\u00efque. En 2019, ce m\u00e9ga projet avait permis de couvrir 350 localit\u00e9s dans le pays.<\/p>\n<p><strong>Agence d\u2019\u00e9lectrification rurale<\/strong><\/p>\n<p>Le d\u00e9p\u00f4t du projet de loi \u00e9voqu\u00e9 supra se d\u00e9roule dans un contexte o\u00f9 le gouvernement a d\u00e9cid\u00e9 d\u2019\u00e9valuer l\u2019AER qui \u00e9prouve quelques difficult\u00e9s \u00e0 accomplir ses missions. En effet, le jeudi 24 mars 2022 \u00e0 Yaound\u00e9, le \u00a0groupement Idea Conseil-Studi Cameroun, commis pour r\u00e9aliser l\u2019audit de cette structure a pr\u00e9sent\u00e9 les r\u00e9sultats provisoires de son \u00e9tude. Celle-ci r\u00e9v\u00e8le qu\u2019elle est en sous-effectif avec 90\u00a0postes sur 155 sont pourvus, et que les ressources financi\u00e8res de l\u2019Agence sont en de\u00e7\u00e0 des besoins.<\/p>\n<p><strong>Lire aussi : <a href=\"https:\/\/ecomatin.net\/le-cameroun-veut-t-adherer-a-lalliance-solaire-internationale-pour-booster-sa-production-delectricite-solaire\/\">Le Cameroun veut adh\u00e9rer \u00e0 l\u2019alliance solaire internationale pour booster sa production d\u2019\u00e9lectricit\u00e9 solaire<\/a><\/strong><\/p>\n<p>C\u2019est \u00e0 cette entit\u00e9 que le gouvernement avait confi\u00e9 la mission de combler les 35% de d\u00e9ficit d\u2019acc\u00e8s \u00e0 l\u2019\u00e9nergie \u00e9lectrique en zones rurales. Par le d\u00e9veloppement de 50 mini-centrales solaires, avec l\u2019implication de l\u2019AER. Aussi, l\u2019Etat a-t-il r\u00e9pertori\u00e9 148 sites repr\u00e9sentant un potentiel de 5KW \u00e0 500KW et 17 sites repr\u00e9sentant un potentiel de 10 MW.<\/p>\n<p>Une mission quasi-impossible. Sauf si les parlementaires d\u00e9cident d\u2019ouvrir les portes du Cameroun \u00e0 l\u2019ASI.<\/p>\n<p><strong>Lire aussi : <a href=\"https:\/\/ecomatin.net\/energies-renouvelables-selon-le-minee-le-cameroun-dispose-dune-centaine-de-centrales-photovoltaiques\/\">Energies renouvelables\u00a0: selon le Minee le Cameroun dispose d\u2019une centaine de centrales photovolta\u00efques<\/a><\/strong><\/p>\n<p>L\u2019article <a rel=\"nofollow\" href=\"https:\/\/ecomatin.net\/energie-solaire-le-cameroun-voudrait-reglementer-son-n-partenariat-avec-lalliance-solaire-internationale\/\">Energie solaire\u00a0: le Cameroun voudrait r\u00e9glementer son partenariat avec l\u2019Alliance solaire internationale<\/a> est apparu en premier sur <a rel=\"nofollow\" href=\"https:\/\/ecomatin.net\/\">EcoMatin<\/a>.<\/p>\n<\/div>\n<p>Auteur: Bernard Bangda<br \/>\n<a href=\"https:\/\/ecomatin.net\/energie-solaire-le-cameroun-voudrait-reglementer-son-n-partenariat-avec-lalliance-solaire-internationale\/\">Cliquez ici pour lire l&rsquo;article depuis sa source.<\/a><\/p>\n","protected":false},"excerpt":{"rendered":"<p>Le 22 mars 2022, le chef de l\u2019Etat a fait parvenir aux d\u00e9put\u00e9s un projet de loi sur l\u2019am\u00e9lioration de l\u2019offre en \u00e9nergie solaire au Cameroun \u00e0 travers l\u2019adh\u00e9sion \u00e0 l\u2019ASI. Il s\u2019agit pour le Parlement, apr\u00e8s examen et approbation de ce projet de loi, d\u2019autoriser Paul Biya \u00e0 ratifier l\u2019accord cadre amend\u00e9, portant cr\u00e9ation [&hellip;]<\/p>\n","protected":false},"author":1969,"featured_media":0,"comment_status":"closed","ping_status":"closed","sticky":false,"template":"","format":"standard","meta":{"fifu_image_url":"","fifu_image_alt":"","footnotes":""},"categories":[82,78],"tags":[],"class_list":["post-144054","post","type-post","status-publish","format-standard","hentry","category-cameroun","category-economie"],"_links":{"self":[{"href":"https:\/\/linitiative.ca\/International\/wp-json\/wp\/v2\/posts\/144054","targetHints":{"allow":["GET"]}}],"collection":[{"href":"https:\/\/linitiative.ca\/International\/wp-json\/wp\/v2\/posts"}],"about":[{"href":"https:\/\/linitiative.ca\/International\/wp-json\/wp\/v2\/types\/post"}],"author":[{"embeddable":true,"href":"https:\/\/linitiative.ca\/International\/wp-json\/wp\/v2\/users\/1969"}],"replies":[{"embeddable":true,"href":"https:\/\/linitiative.ca\/International\/wp-json\/wp\/v2\/comments?post=144054"}],"version-history":[{"count":0,"href":"https:\/\/linitiative.ca\/International\/wp-json\/wp\/v2\/posts\/144054\/revisions"}],"wp:attachment":[{"href":"https:\/\/linitiative.ca\/International\/wp-json\/wp\/v2\/media?parent=144054"}],"wp:term":[{"taxonomy":"category","embeddable":true,"href":"https:\/\/linitiative.ca\/International\/wp-json\/wp\/v2\/categories?post=144054"},{"taxonomy":"post_tag","embeddable":true,"href":"https:\/\/linitiative.ca\/International\/wp-json\/wp\/v2\/tags?post=144054"}],"curies":[{"name":"wp","href":"https:\/\/api.w.org\/{rel}","templated":true}]}}