{"id":144057,"date":"2022-03-26T11:58:10","date_gmt":"2022-03-26T15:58:10","guid":{"rendered":"https:\/\/linitiative.ca\/International\/covid-19-maroc-la-situation-epidemiologique-au-26-mars-2022-a-16h00\/"},"modified":"2022-03-26T11:58:10","modified_gmt":"2022-03-26T15:58:10","slug":"covid-19-maroc-la-situation-epidemiologique-au-26-mars-2022-a-16h00","status":"publish","type":"post","link":"https:\/\/linitiative.ca\/International\/covid-19-maroc-la-situation-epidemiologique-au-26-mars-2022-a-16h00\/","title":{"rendered":"Covid-19 \/ Maroc : La situation \u00e9pid\u00e9miologique au 26 mars 2022 \u00e0 16H00"},"content":{"rendered":"<div>\n<p><img loading=\"lazy\" decoding=\"async\" width=\"300\" height=\"153\" src=\"https:\/\/linitiative.ca\/International\/wp-content\/uploads\/sites\/23\/2022\/03\/coronavirus-Hopital-300x153-1.jpg\" class=\"attachment-medium size-medium wp-post-image\" alt=\"\" srcset=\"https:\/\/linitiative.ca\/International\/wp-content\/uploads\/sites\/23\/2022\/03\/coronavirus-Hopital-300x153-1.jpg 300w, https:\/\/aujourdhui.ma\/wp-content\/uploads\/2021\/12\/coronavirus-Hopital-274x140.jpg 274w, https:\/\/aujourdhui.ma\/wp-content\/uploads\/2021\/12\/coronavirus-Hopital.jpg 746w, https:\/\/aujourdhui.ma\/wp-content\/uploads\/2021\/12\/coronavirus-Hopital-165x84.jpg 165w, https:\/\/aujourdhui.ma\/wp-content\/uploads\/2021\/12\/coronavirus-Hopital-702x358.jpg 702w\" sizes=\"auto, (max-width: 300px) 100vw, 300px\"><\/p>\n<p>82 nouveaux cas soit un cumul de 1.162.923 cas \u00e0 ce jour.<br \/>\n37 gu\u00e9risons soit un cumul de 1.146.239 \u00e0 ce jour.<br \/>\nUn nouveau d\u00e9c\u00e8s donc un cumul de 16.057 \u00e0 ce jour.<\/p>\n<p><strong>Nombre de personnes vaccin\u00e9es au 25 mars 16H00<\/strong><\/p>\n<p>1\u00e8re dose : 24 782 986<\/p>\n<p>2\u00e8me dose : 23 252 620<\/p>\n<p>3\u00e8me dose : 6 097 955<\/p>\n<p><a href=\"https:\/\/linitiative.ca\/International\/wp-content\/uploads\/sites\/23\/2022\/03\/WhatsApp-Image-2022-03-26-at-4.37.04-PM.jpeg\"><img loading=\"lazy\" decoding=\"async\" class=\"aligncenter size-full wp-image-403548\" src=\"https:\/\/linitiative.ca\/International\/wp-content\/uploads\/sites\/23\/2022\/03\/WhatsApp-Image-2022-03-26-at-4.37.04-PM.jpeg\" alt=\"\" width=\"1122\" height=\"1600\" srcset=\"https:\/\/linitiative.ca\/International\/wp-content\/uploads\/sites\/23\/2022\/03\/WhatsApp-Image-2022-03-26-at-4.37.04-PM.jpeg 1122w, https:\/\/aujourdhui.ma\/wp-content\/uploads\/2022\/03\/WhatsApp-Image-2022-03-26-at-4.37.04-PM-210x300.jpeg 210w, https:\/\/aujourdhui.ma\/wp-content\/uploads\/2022\/03\/WhatsApp-Image-2022-03-26-at-4.37.04-PM-718x1024.jpeg 718w, https:\/\/aujourdhui.ma\/wp-content\/uploads\/2022\/03\/WhatsApp-Image-2022-03-26-at-4.37.04-PM-768x1095.jpeg 768w, https:\/\/aujourdhui.ma\/wp-content\/uploads\/2022\/03\/WhatsApp-Image-2022-03-26-at-4.37.04-PM-1077x1536.jpeg 1077w\" sizes=\"auto, (max-width: 1122px) 100vw, 1122px\"><\/a> <a href=\"https:\/\/linitiative.ca\/International\/wp-content\/uploads\/sites\/23\/2022\/03\/WhatsApp-Image-2022-03-26-at-4.37.04-PM1.jpeg\"><img loading=\"lazy\" decoding=\"async\" class=\"aligncenter size-full wp-image-403547\" src=\"https:\/\/linitiative.ca\/International\/wp-content\/uploads\/sites\/23\/2022\/03\/WhatsApp-Image-2022-03-26-at-4.37.04-PM1.jpeg\" alt=\"\" width=\"1170\" height=\"836\" srcset=\"https:\/\/linitiative.ca\/International\/wp-content\/uploads\/sites\/23\/2022\/03\/WhatsApp-Image-2022-03-26-at-4.37.04-PM1.jpeg 1170w, https:\/\/aujourdhui.ma\/wp-content\/uploads\/2022\/03\/WhatsApp-Image-2022-03-26-at-4.37.04-PM1-300x214.jpeg 300w, https:\/\/aujourdhui.ma\/wp-content\/uploads\/2022\/03\/WhatsApp-Image-2022-03-26-at-4.37.04-PM1-1024x732.jpeg 1024w, https:\/\/aujourdhui.ma\/wp-content\/uploads\/2022\/03\/WhatsApp-Image-2022-03-26-at-4.37.04-PM1-768x549.jpeg 768w\" sizes=\"auto, (max-width: 1170px) 100vw, 1170px\"><\/a> <a href=\"https:\/\/linitiative.ca\/International\/wp-content\/uploads\/sites\/23\/2022\/03\/WhatsApp-Image-2022-03-26-at-4.37.05-PM.jpeg\"><img loading=\"lazy\" decoding=\"async\" class=\"aligncenter size-full wp-image-403546\" src=\"https:\/\/linitiative.ca\/International\/wp-content\/uploads\/sites\/23\/2022\/03\/WhatsApp-Image-2022-03-26-at-4.37.05-PM.jpeg\" alt=\"\" width=\"940\" height=\"1600\" srcset=\"https:\/\/linitiative.ca\/International\/wp-content\/uploads\/sites\/23\/2022\/03\/WhatsApp-Image-2022-03-26-at-4.37.05-PM.jpeg 940w, https:\/\/aujourdhui.ma\/wp-content\/uploads\/2022\/03\/WhatsApp-Image-2022-03-26-at-4.37.05-PM-176x300.jpeg 176w, https:\/\/aujourdhui.ma\/wp-content\/uploads\/2022\/03\/WhatsApp-Image-2022-03-26-at-4.37.05-PM-602x1024.jpeg 602w, https:\/\/aujourdhui.ma\/wp-content\/uploads\/2022\/03\/WhatsApp-Image-2022-03-26-at-4.37.05-PM-768x1307.jpeg 768w, https:\/\/aujourdhui.ma\/wp-content\/uploads\/2022\/03\/WhatsApp-Image-2022-03-26-at-4.37.05-PM-902x1536.jpeg 902w\" sizes=\"auto, (max-width: 940px) 100vw, 940px\"><\/a><\/p>\n<p>\u00a0<\/p>\n<\/div>\n<p>Auteur: ALM<br \/>\n<a href=\"https:\/\/aujourdhui.ma\/actualite\/covid-19-maroc-la-situation-epidemiologique-au-26-mars-2022-a-16h00\">Cliquez ici pour lire l&rsquo;article depuis sa source.<\/a><\/p>\n","protected":false},"excerpt":{"rendered":"<p>82 nouveaux cas soit un cumul de 1.162.923 cas \u00e0 ce jour. 37 gu\u00e9risons soit un cumul de 1.146.239 \u00e0 ce jour. Un nouveau d\u00e9c\u00e8s donc un cumul de 16.057 \u00e0 ce jour. Nombre de personnes vaccin\u00e9es au 25 mars 16H00 1\u00e8re dose : 24 782 986 2\u00e8me dose : 23 252 620 3\u00e8me dose [&hellip;]<\/p>\n","protected":false},"author":1759,"featured_media":0,"comment_status":"closed","ping_status":"closed","sticky":false,"template":"","format":"standard","meta":{"fifu_image_url":"https:\/\/aujourdhui.ma\/wp-content\/uploads\/2021\/12\/coronavirus-Hopital-300x153.jpg","fifu_image_alt":"Covid-19 \/ Maroc : La situation \u00e9pid\u00e9miologique au 26 mars 2022 \u00e0 16H00","footnotes":""},"categories":[73,54],"tags":[],"class_list":["post-144057","post","type-post","status-publish","format-standard","hentry","category-actualite","category-maroc"],"_links":{"self":[{"href":"https:\/\/linitiative.ca\/International\/wp-json\/wp\/v2\/posts\/144057","targetHints":{"allow":["GET"]}}],"collection":[{"href":"https:\/\/linitiative.ca\/International\/wp-json\/wp\/v2\/posts"}],"about":[{"href":"https:\/\/linitiative.ca\/International\/wp-json\/wp\/v2\/types\/post"}],"author":[{"embeddable":true,"href":"https:\/\/linitiative.ca\/International\/wp-json\/wp\/v2\/users\/1759"}],"replies":[{"embeddable":true,"href":"https:\/\/linitiative.ca\/International\/wp-json\/wp\/v2\/comments?post=144057"}],"version-history":[{"count":0,"href":"https:\/\/linitiative.ca\/International\/wp-json\/wp\/v2\/posts\/144057\/revisions"}],"wp:attachment":[{"href":"https:\/\/linitiative.ca\/International\/wp-json\/wp\/v2\/media?parent=144057"}],"wp:term":[{"taxonomy":"category","embeddable":true,"href":"https:\/\/linitiative.ca\/International\/wp-json\/wp\/v2\/categories?post=144057"},{"taxonomy":"post_tag","embeddable":true,"href":"https:\/\/linitiative.ca\/International\/wp-json\/wp\/v2\/tags?post=144057"}],"curies":[{"name":"wp","href":"https:\/\/api.w.org\/{rel}","templated":true}]}}