{"id":144063,"date":"2022-03-27T10:16:27","date_gmt":"2022-03-27T14:16:27","guid":{"rendered":"https:\/\/linitiative.ca\/International\/yasmine-immobilier-lance-la-commercialisation-de-son-premier-parc\/"},"modified":"2022-03-27T10:16:27","modified_gmt":"2022-03-27T14:16:27","slug":"yasmine-immobilier-lance-la-commercialisation-de-son-premier-parc","status":"publish","type":"post","link":"https:\/\/linitiative.ca\/International\/yasmine-immobilier-lance-la-commercialisation-de-son-premier-parc\/","title":{"rendered":"Yasmine Immobilier lance la commercialisation de son premier parc"},"content":{"rendered":"<div>\n<p class=\"has-text-align-center has-vivid-red-color has-text-color\"><strong>Zones Industrielles Durables<\/strong><\/p>\n<p class=\"has-text-align-right\"><strong>A\u00efmen Bouzoggaghe<\/strong><\/p>\n<p class=\"has-vivid-cyan-blue-color has-text-color\"><strong>Yasmine Immobilier a officialis\u00e9, lors d\u2019une conf\u00e9rence de presse \u00e0 Casablanca, la commercialisation de son premier parc industriel durable \u00ab\u00a0Tawfik Jadida\u00a0\u00bb, situ\u00e9 \u00e0 Bouskoura.<\/strong><\/p>\n<p>Constitu\u00e9 de 22 unit\u00e9s \u00e0 destination des entreprises industrielles pour une livraison en juillet 2022, ce parc industriel priv\u00e9 int\u00e8gre la notion de durabilit\u00e9 dans l\u2019ensemble de son projet.<\/p>\n<p><strong>Un parc industriel de nouvelle g\u00e9n\u00e9ration<\/strong><\/p>\n<p>Le projet fait partie des projets retenus par le Fonds des Zones Industrielles Durables pour la r\u00e9alisation d\u2019un parc industriel de nouvelle g\u00e9n\u00e9ration int\u00e9grant des normes environnementales et sociales. Situ\u00e9 \u00e0 Bouskoura, commune Rmel El Hlal, \u00e0 quelques minutes de Sidi Ma\u00e2rouf et de la rocade Sud-Ouest (autoroute El Jadida), Tawfik Jadida offre, selon le promoteur immobilier, une connectivit\u00e9 id\u00e9ale pour les entreprises industrielles ayant besoin de relier leurs op\u00e9rations aux infrastructures portuaires et a\u00e9roportuaires.<\/p>\n<p><strong>Des services adapt\u00e9s<\/strong><\/p>\n<p>\u00ab\u00a0Les 22 unit\u00e9s industrielles, compos\u00e9es de locaux de 600m\u00b2 \u00e0 2800m\u00b2 avec 6,5 m de hauteur libre et d\u2019espaces de bureaux de 150 \u00e0 200 m\u00b2 destin\u00e9s aux industriels, a fait savoir le top management lors de la conf\u00e9rence de presse.<\/p>\n<p>Afin de faciliter le quotidien des entreprises, Tawfik Jadida mettra en place un club industriel pour assurer une bonne gestion de la zone sur les volets du transport collectif, de gestion de d\u00e9chets et des autres \u00a0besoins sp\u00e9cifiques des industriels.<\/p>\n<p>Tawfik Jadida accueillera \u00e9galement un espace de formation destin\u00e9 aux jeunes de la zone de Rmel El Hlal dans les domaines du g\u00e9nie \u00e9lectrique et g\u00e9nie climatique.<\/p>\n<p><strong>Des loyers encourageant<\/strong><\/p>\n<p>Dans le cadre de sa politique de promotion de l\u2019entrepreneuriat f\u00e9minin, Tawfik Jadida s\u2019engage \u00e0 mettre en place des conditions pr\u00e9f\u00e9rentielles pour les entreprises dirig\u00e9es par des femmes ou celles dont l\u2019effectif est constitu\u00e9 de plus de 40% de la gent f\u00e9minine.<\/p>\n<p>Aussi, Tawfik Jadida demande aux entreprises locatrices \u00a0de s\u2019engager \u00e0 promouvoir l\u2019inclusion des jeunes dans leur processus de recrutement.<\/p>\n<p>Ainsi, pour pouvoir s\u2019y installer, les entreprises devront fournir une description de leurs activit\u00e9s, s\u2019engager \u00e0 respecter des normes environnementales et encourager l\u2019inclusion sociale des jeunes et des femmes dans leurs recrutements.<\/p>\n<p>L\u2019article <a rel=\"nofollow\" href=\"http:\/\/albayane.press.ma\/yasmine-immobilier-lance-la-commercialisation-de-son-premier-parc-2.html\">Yasmine Immobilier lance la commercialisation de son premier parc<\/a> est apparu en premier sur <a rel=\"nofollow\" href=\"http:\/\/albayane.press.ma\/\">ALBAYANE<\/a>.<\/p>\n<\/div>\n<p>Auteur: M&rsquo;hammed rahal<br \/>\n<a href=\"http:\/\/albayane.press.ma\/yasmine-immobilier-lance-la-commercialisation-de-son-premier-parc-2.html\">Cliquez ici pour lire l&rsquo;article depuis sa source.<\/a><\/p>\n","protected":false},"excerpt":{"rendered":"<p>Zones Industrielles Durables A\u00efmen Bouzoggaghe Yasmine Immobilier a officialis\u00e9, lors d\u2019une conf\u00e9rence de presse \u00e0 Casablanca, la commercialisation de son premier parc industriel durable \u00ab\u00a0Tawfik Jadida\u00a0\u00bb, situ\u00e9 \u00e0 Bouskoura. Constitu\u00e9 de 22 unit\u00e9s \u00e0 destination des entreprises industrielles pour une livraison en juillet 2022, ce parc industriel priv\u00e9 int\u00e8gre la notion de durabilit\u00e9 dans l\u2019ensemble [&hellip;]<\/p>\n","protected":false},"author":1760,"featured_media":0,"comment_status":"closed","ping_status":"closed","sticky":false,"template":"","format":"standard","meta":{"fifu_image_url":"","fifu_image_alt":"","footnotes":""},"categories":[73,54],"tags":[],"class_list":["post-144063","post","type-post","status-publish","format-standard","hentry","category-actualite","category-maroc"],"_links":{"self":[{"href":"https:\/\/linitiative.ca\/International\/wp-json\/wp\/v2\/posts\/144063","targetHints":{"allow":["GET"]}}],"collection":[{"href":"https:\/\/linitiative.ca\/International\/wp-json\/wp\/v2\/posts"}],"about":[{"href":"https:\/\/linitiative.ca\/International\/wp-json\/wp\/v2\/types\/post"}],"author":[{"embeddable":true,"href":"https:\/\/linitiative.ca\/International\/wp-json\/wp\/v2\/users\/1760"}],"replies":[{"embeddable":true,"href":"https:\/\/linitiative.ca\/International\/wp-json\/wp\/v2\/comments?post=144063"}],"version-history":[{"count":0,"href":"https:\/\/linitiative.ca\/International\/wp-json\/wp\/v2\/posts\/144063\/revisions"}],"wp:attachment":[{"href":"https:\/\/linitiative.ca\/International\/wp-json\/wp\/v2\/media?parent=144063"}],"wp:term":[{"taxonomy":"category","embeddable":true,"href":"https:\/\/linitiative.ca\/International\/wp-json\/wp\/v2\/categories?post=144063"},{"taxonomy":"post_tag","embeddable":true,"href":"https:\/\/linitiative.ca\/International\/wp-json\/wp\/v2\/tags?post=144063"}],"curies":[{"name":"wp","href":"https:\/\/api.w.org\/{rel}","templated":true}]}}