{"id":144064,"date":"2022-03-27T10:24:46","date_gmt":"2022-03-27T14:24:46","guid":{"rendered":"https:\/\/linitiative.ca\/International\/bourita-le-maroc-un-catalyseur-du-developpement-et-un-pourvoyeur-de-paix-et-de-securite-en-afrique\/"},"modified":"2022-03-27T10:24:46","modified_gmt":"2022-03-27T14:24:46","slug":"bourita-le-maroc-un-catalyseur-du-developpement-et-un-pourvoyeur-de-paix-et-de-securite-en-afrique","status":"publish","type":"post","link":"https:\/\/linitiative.ca\/International\/bourita-le-maroc-un-catalyseur-du-developpement-et-un-pourvoyeur-de-paix-et-de-securite-en-afrique\/","title":{"rendered":"Bourita: Le Maroc, \u00ab un catalyseur du d\u00e9veloppement et un pourvoyeur de paix et de s\u00e9curit\u00e9 en Afrique \u00bb"},"content":{"rendered":"<div>\n<p class=\"has-text-align-center has-vivid-red-color has-text-color\"><strong>R\u00e9union minist\u00e9rielle pr\u00e9paratoire de la TICAD VIII<\/strong><\/p>\n<p class=\"has-vivid-cyan-blue-color has-text-color\"><strong>\u00ab\u00a0Au-del\u00e0 de la pand\u00e9mie, le Maroc s\u2019est toujours employ\u00e9 \u00e0 \u00eatre un catalyseur du d\u00e9veloppement et un pourvoyeur de paix et de s\u00e9curit\u00e9 en Afrique\u00a0\u00bb, a affirm\u00e9, samedi, le ministre des Affaires \u00e9trang\u00e8res, de la Coop\u00e9ration africaine et des Marocains r\u00e9sidant \u00e0 l\u2019\u00e9tranger, Nasser Bourita.<\/strong><\/p>\n<p>M. Bourita, qui intervenait par visioconf\u00e9rence lors la r\u00e9union minist\u00e9rielle pr\u00e9paratoire de la 8\u00e8me conf\u00e9rence internationale de Tokyo pour le d\u00e9veloppement de l\u2019Afrique (TICAD VIII), a soulign\u00e9 que le Royaume \u00ab\u00a0veille r\u00e9solument \u00e0 le rester conform\u00e9ment \u00e0 la Vision de Sa Majest\u00e9 le Roi Mohammed VI\u00a0\u00bb, notant que l\u2019\u00e9lection du Maroc au Conseil de Paix et de S\u00e9curit\u00e9 de l\u2019UA pour la p\u00e9riode 2022-2025, atteste de cet engagement.<\/p>\n<p>Il a, en outre, relev\u00e9 qu\u2019\u00a0\u00bb\u00e0 cette pand\u00e9mie dont nous voyons \u2013 esp\u00e9rons-le \u2013 le bout, tous les Continents ont pay\u00e9 un lourd tribut\u00a0\u00bb, faisant observer que celui que l\u2019Afrique a consenti est, assur\u00e9ment, le plus substantiel.<\/p>\n<p>\u00ab\u00a0Partira la pand\u00e9mie, et restera son contrecoup sur les \u00e9conomies et le d\u00e9veloppement\u00a0\u00bb, a fait observer le ministre, estimant que la r\u00e9sistance et la r\u00e9silience de l\u2019Afrique \u2013 Gouvernements et populations, qui ont \u00e9t\u00e9 contraints de lutter sur plusieurs fronts \u00e0 la fois- doivent \u00eatre salu\u00e9es, en toute objectivit\u00e9.<\/p>\n<p>Aux fronts du d\u00e9veloppement socio-\u00e9conomique, de la stabilit\u00e9 politique et de la s\u00e9curit\u00e9 alimentaire, s\u2019ajoute d\u00e9sormais celui de la s\u00e9curit\u00e9 sanitaire, a-t-il expliqu\u00e9, assurant que \u00ab\u00a0le Maroc a \u00e9t\u00e9 et demeure dans le peloton de t\u00eate en Afrique \u2013 \u00e0 relever ce d\u00e9fi\u00a0\u00bb.<\/p>\n<p>\u00ab\u00a0Dans un d\u00e9veloppement majeur, SM le Roi Mohammed VI a lanc\u00e9, en janvier 2022, une unit\u00e9 industrielle de fabrication de vaccins. Ce Projet contribuera \u00e0 couvrir les besoins du Royaume, en m\u00eame temps qu\u2019il concourra \u00e0 la souverainet\u00e9 sanitaire des pays africains fr\u00e8res\u00a0\u00bb, a-t-il rappel\u00e9.<\/p>\n<p>Pour M. Bourita, \u00ab\u00a0si la pand\u00e9mie a \u00e9t\u00e9 un d\u00e9fi syst\u00e9mique sans pr\u00e9c\u00e9dent, elle a aussi \u00e9t\u00e9 un r\u00e9v\u00e9lateur unique des cr\u00e9dos \u00e0 investir et des opportunit\u00e9s \u00e0 saisir\u00a0\u00bb. \u00ab\u00a0Sur ce terrain, nous restons convaincus que le partenariat avec le Japon peut jouer un r\u00f4le qualitatif\u00a0\u00bb, a-t-il encore dit.<\/p>\n<p>Il a aussi indiqu\u00e9 que comme dans tout effort, l\u2019investissement est n\u00e9vralgique, faisant remarquer que les IDE japonais en Afrique sont, cependant, pass\u00e9s de 10 milliards de dollars en 2010 \u00e0 6,9 milliards de dollars \u00e0 la veille de la pand\u00e9mie.<\/p>\n<p>\u00ab\u00a0A l\u2019heure du rel\u00e8vement post-Covid, nous sommes pleins d\u2019espoir que ces investissements renoueront avec la tendance haussi\u00e8re qui \u00e9tait la leur entre 2007 et 2010\u00a0\u00bb, a poursuivi M. Bourita, soutenant qu\u2019aujourd\u2019hui avant demain, \u00ab\u00a0l\u2019Afrique a besoin d\u2019investissements : les domaines de l\u2019\u00e9ducation, de la formation professionnelle, de la sant\u00e9 et des \u00e9nergies renouvelables, sont cardinaux \u00e0 la consolidation d\u2019\u00e9conomies r\u00e9silientes sur le Continent\u00a0\u00bb.<\/p>\n<p>Les partenariats public-priv\u00e9 \u2013sur lesquels la TICAD a eu la clairvoyance de miser, sont une formule idoine pour r\u00e9aliser des projets structurants et d\u2019envergure, a soutenu le ministre, notant que \u00ab\u00a0joindre les fonds du secteur priv\u00e9 aux garanties apport\u00e9es par l\u2019Etat est aussi une fa\u00e7on de d\u00e9multiplier l\u2019engagement des quelque 900 entreprises japonaises pr\u00e9sentes en Afrique, et d\u2019encourager d\u2019autres \u00e0 les rejoindre\u00a0\u00bb.<\/p>\n<p>A l\u2019\u00e9chelle de l\u2019Afrique, la TICAD peut \u00eatre un levier de d\u00e9veloppement de l\u2019entreprenariat et la cr\u00e9ation de richesses, \u00e0 travers notamment le renforcement des nouvelles technologies digitales, a-t-il encha\u00een\u00e9, ajoutant que la pand\u00e9mie du Covid-19 a achev\u00e9 de convaincre nombre de pays africains fr\u00e8res de la n\u00e9cessit\u00e9 d\u2019acc\u00e9l\u00e9rer ce processus, qui implique une grande mobilisation d\u2019\u00e9quipements et de savoir.<\/p>\n<p>La TICAD gagne \u00e0 s\u2019inscrire dans cette dynamique, a insist\u00e9 le ministre, expliquant que ce cr\u00e9neau co\u00efncide avec la ressource premi\u00e8re du Japon: la technologie; autant qu\u2019avec la ressource premi\u00e8re de l\u2019Afrique : sa jeunesse et son capital humain. \u00ab\u00a0Nous nous f\u00e9licitons que cela soit une priorit\u00e9 de la TICAD\u00a0\u00bb, a-t-il dit.<\/p>\n<p>Il a, d\u2019autre part, indiqu\u00e9 que \u00ab\u00a0la consolidation de nos actions au sein de la TICAD pour soutenir les efforts en faveur de la jeunesse, constituera un vecteur certain de relance \u00e9conomique post-Covid sur le Continent, dans la perspective d\u2019une croissance durable, inclusive et r\u00e9ductrice des in\u00e9galit\u00e9s\u00a0\u00bb.<\/p>\n<p>Le d\u00e9veloppement de l\u2019entreprenariat des femmes, \u00e0 l\u2019\u00e8re du digital, constitue \u00e9galement une opportunit\u00e9 pour l\u2019autonomisation des femmes africaines et le d\u00e9veloppement durable des g\u00e9n\u00e9rations actuelles et \u00e0 venir, a-t-il tenu \u00e0 pr\u00e9ciser, relevant que l\u2019entreprenariat demeure, de mani\u00e8re g\u00e9n\u00e9rale, la promesse la plus cr\u00e9dible d\u2019un meilleur avenir.<\/p>\n<p>\u00ab\u00a0Par ailleurs, les d\u00e9fis li\u00e9s \u00e0 la pand\u00e9mie de la COVID-19 nous ont rappel\u00e9 l\u2019importance de redoubler d\u2019efforts pour renforcer nos syst\u00e8mes de sant\u00e9, d\u2019acc\u00e8s aux soins et de protection sociale\u00a0\u00bb, a affirm\u00e9 M. Bourita, ajoutant que la TICAD, qui a fait de l\u2019am\u00e9lioration de la couverture sanitaire universelle une de ses priorit\u00e9s, a un r\u00f4le important \u00e0 jouer pour soutenir les efforts africains dans ce sens.<\/p>\n<p>A ce chapitre, a-t-il poursuivi, \u00ab\u00a0des exp\u00e9riences concluantes existent au niveau du Continent. Celle du Maroc en fait partie, et capitalise une exp\u00e9rience et des bonnes pratiques utiles\u00a0\u00bb, rappelant qu\u2019en pleine crise, en avril 2021, le Maroc a lanc\u00e9 le chantier de g\u00e9n\u00e9ralisation de la protection sociale, sous l\u2019impulsion de Sa Majest\u00e9 le Roi Mohammed VI.<\/p>\n<p>Le ministre a \u00e9galement assur\u00e9 que le Royaume \u00ab\u00a0restera engag\u00e9 aux c\u00f4t\u00e9s du Japon et de tous les partenaires pour la r\u00e9alisation des objectifs conjoints de la TICAD\u00a0\u00bb, faisant savoir que \u00ab\u00a0notre conviction est que cela est un travail de longue haleine, qui se construit dans la dur\u00e9e\u00a0\u00bb.<\/p>\n<p>\u00ab\u00a0A ce titre, nous saluons les efforts entrepris pour la mise en place en 2021, pour la premi\u00e8re fois, d\u2019une plateforme de suivi de la mise en \u0153uvre du Plan d\u2019action de Yokohama, qui constitue une avanc\u00e9e importante pour une capitalisation empirique au sein de la TICAD\u00a0\u00bb, a-t-il soulign\u00e9.<\/p>\n<p>Il a ainsi pr\u00e9cis\u00e9 que le Maroc restera engag\u00e9, aux niveaux national et r\u00e9gional, dans les divers domaines d\u2019intervention de la TICAD, et dispos\u00e9 \u00e0 partager humblement son exp\u00e9rience avec ses fr\u00e8res africains, dans le cadre d\u2019une approche davantage bas\u00e9e sur l\u2019appropriation, le partage d\u2019exp\u00e9riences et la coop\u00e9ration tripartite.<\/p>\n<p>\u00ab\u00a0En cela, le Maroc reste convaincu \u2013 comme il l\u2019a toujours \u00e9t\u00e9 \u2013 que l\u2019Afrique doit \u00eatre trait\u00e9e en partenaire \u00e9gal, et consid\u00e9r\u00e9e pour ce qu\u2019elle est : c\u2019est-\u00e0-dire le r\u00e9servoir de la jeunesse du monde et le r\u00e9servoir de la croissance du monde. Autrement dit, l\u2019avenir de l\u2019\u00e9conomie mondiale\u00a0\u00bb, a conclu M. Bourita.<\/p>\n<p>Initi\u00e9e en 1993 par le gouvernement japonais, la TICAD, dont la 8-\u00e8me \u00e9dition est pr\u00e9vue en ao\u00fbt en Tunisie, est un forum international sur le th\u00e8me du d\u00e9veloppement en Afrique.<\/p>\n<p class=\"has-text-align-center has-vivid-red-color has-text-color\"><strong>Entretiens avec l\u2019envoy\u00e9 sp\u00e9cial de la Chine pour le Moyen-Orient<\/strong><\/p>\n<p class=\"has-vivid-cyan-blue-color has-text-color\"><em>Le ministre des Affaires \u00e9trang\u00e8res, de la Coop\u00e9ration africaine et des Marocains r\u00e9sidant \u00e0 l\u2019\u00e9tranger, Nasser Bourita a eu, vendredi \u00e0 Rabat, des entretiens avec l\u2019envoy\u00e9 sp\u00e9cial de la Chine pour le Moyen-Orient, Zhai Jun. Dans une d\u00e9claration \u00e0 la presse \u00e0 l\u2019issue de cette entrevue, M. Jun a indiqu\u00e9 que ses entretiens avec M. Bourita ont \u00e9t\u00e9 \u00ab\u00a0amicaux et fructueux\u00a0\u00bb, au cours desquels il a \u00e9t\u00e9 question d\u2019\u00e9changer les points de vue sur de nombreux sujets, notamment les relations bilat\u00e9rales et le partenariat strat\u00e9gique existant entre les deux pays, soulignant que le Maroc est un ami et un partenaire strat\u00e9gique de la Chine. Les discussions entre les deux parties ont \u00e9galement port\u00e9 sur des questions internationales et r\u00e9gionales, a-t-il ajout\u00e9, affirmant qu\u2019il existe une convergence de vues totale entre les deux pays, d\u2019o\u00f9 l\u2019importance de \u00ab\u00a0maintenir un contact permanent avec le Maroc et de coordonner les positions concernant tous les d\u00e9veloppements sur la sc\u00e8ne internationale\u00a0\u00bb.<\/em><\/p>\n<p>L\u2019article <a rel=\"nofollow\" href=\"http:\/\/albayane.press.ma\/bourita-le-maroc-un-catalyseur-du-developpement-et-un-pourvoyeur-de-paix-et-de-securite-en-afrique.html\">Bourita: Le Maroc, \u00ab un catalyseur du d\u00e9veloppement et un pourvoyeur de paix et de s\u00e9curit\u00e9 en Afrique \u00bb<\/a> est apparu en premier sur <a rel=\"nofollow\" href=\"http:\/\/albayane.press.ma\/\">ALBAYANE<\/a>.<\/p>\n<\/div>\n<p>Auteur: M&rsquo;hammed rahal<br \/>\n<a href=\"http:\/\/albayane.press.ma\/bourita-le-maroc-un-catalyseur-du-developpement-et-un-pourvoyeur-de-paix-et-de-securite-en-afrique.html\">Cliquez ici pour lire l&rsquo;article depuis sa source.<\/a><\/p>\n","protected":false},"excerpt":{"rendered":"<p>R\u00e9union minist\u00e9rielle pr\u00e9paratoire de la TICAD VIII \u00ab\u00a0Au-del\u00e0 de la pand\u00e9mie, le Maroc s\u2019est toujours employ\u00e9 \u00e0 \u00eatre un catalyseur du d\u00e9veloppement et un pourvoyeur de paix et de s\u00e9curit\u00e9 en Afrique\u00a0\u00bb, a affirm\u00e9, samedi, le ministre des Affaires \u00e9trang\u00e8res, de la Coop\u00e9ration africaine et des Marocains r\u00e9sidant \u00e0 l\u2019\u00e9tranger, Nasser Bourita. M. Bourita, qui [&hellip;]<\/p>\n","protected":false},"author":1760,"featured_media":0,"comment_status":"closed","ping_status":"closed","sticky":false,"template":"","format":"standard","meta":{"fifu_image_url":"","fifu_image_alt":"","footnotes":""},"categories":[73,54],"tags":[],"class_list":["post-144064","post","type-post","status-publish","format-standard","hentry","category-actualite","category-maroc"],"_links":{"self":[{"href":"https:\/\/linitiative.ca\/International\/wp-json\/wp\/v2\/posts\/144064","targetHints":{"allow":["GET"]}}],"collection":[{"href":"https:\/\/linitiative.ca\/International\/wp-json\/wp\/v2\/posts"}],"about":[{"href":"https:\/\/linitiative.ca\/International\/wp-json\/wp\/v2\/types\/post"}],"author":[{"embeddable":true,"href":"https:\/\/linitiative.ca\/International\/wp-json\/wp\/v2\/users\/1760"}],"replies":[{"embeddable":true,"href":"https:\/\/linitiative.ca\/International\/wp-json\/wp\/v2\/comments?post=144064"}],"version-history":[{"count":0,"href":"https:\/\/linitiative.ca\/International\/wp-json\/wp\/v2\/posts\/144064\/revisions"}],"wp:attachment":[{"href":"https:\/\/linitiative.ca\/International\/wp-json\/wp\/v2\/media?parent=144064"}],"wp:term":[{"taxonomy":"category","embeddable":true,"href":"https:\/\/linitiative.ca\/International\/wp-json\/wp\/v2\/categories?post=144064"},{"taxonomy":"post_tag","embeddable":true,"href":"https:\/\/linitiative.ca\/International\/wp-json\/wp\/v2\/tags?post=144064"}],"curies":[{"name":"wp","href":"https:\/\/api.w.org\/{rel}","templated":true}]}}