{"id":144065,"date":"2022-03-27T11:04:51","date_gmt":"2022-03-27T15:04:51","guid":{"rendered":"https:\/\/linitiative.ca\/International\/benabdallah-la-caravane-du-livre-conforte-le-role-noble-de-la-pratique-de-la-politique\/"},"modified":"2022-03-27T11:04:51","modified_gmt":"2022-03-27T15:04:51","slug":"benabdallah-la-caravane-du-livre-conforte-le-role-noble-de-la-pratique-de-la-politique","status":"publish","type":"post","link":"https:\/\/linitiative.ca\/International\/benabdallah-la-caravane-du-livre-conforte-le-role-noble-de-la-pratique-de-la-politique\/","title":{"rendered":"Benabdallah: La Caravane du Livre conforte \u00able r\u00f4le noble de la pratique de la politique\u00bb"},"content":{"rendered":"<div>\n<p class=\"has-text-align-center has-vivid-red-color has-text-color\"><strong>El Jadida, 3<sup>\u00e8<\/sup> \u00e9tape du p\u00e9riple des d\u00e9put\u00e9s PPS<\/strong><\/p>\n<div class=\"wp-block-image\">\n<figure class=\"alignleft size-large is-resized\"><img decoding=\"async\" loading=\"lazy\" src=\"https:\/\/linitiative.ca\/International\/wp-content\/uploads\/sites\/23\/2022\/03\/3-PH-MACAO-2-316x360-1.jpg\" alt=\"\" class=\"wp-image-135377\" width=\"324\" height=\"369\"><\/figure>\n<\/div>\n<p class=\"has-text-color\" style=\"color:#0663e5\"><strong>AEl Jadida, la troisi\u00e8me \u00e9tape de la Caravane du Livre, organis\u00e9 par le groupe parlementaire du PPS et l\u2019Association d\u00e9mocratique des \u00e9lus\u00a0 progressistes (ADEP) a marqu\u00e9 un tournant magistral dans l\u2019accomplissement sur le terrain du partenariat salutaire entre les acteurs\u00a0 incontournables du d\u00e9veloppement local\u00a0: D\u00e9put\u00e9s, \u00e9lus locaux et soci\u00e9t\u00e9 civile. Un exercice que le PPS a men\u00e9 avec brio gr\u00e2ce \u00e0 ce que Mohamed Nabil Benabdallah, secr\u00e9taire g\u00e9n\u00e9ral du Parti du Progr\u00e8s et du Socialisme, a r\u00e9sum\u00e9 en soulignant que le Parti a opt\u00e9 pour une ouverture intelligente sur son environnement socio-politique qui lui a permis de recruter des\u00a0 potentialit\u00e9s et militants dynamique et actifs tout en restant fid\u00e8le \u00e0 son projet et \u00e0 ses id\u00e9aux politique. Le choix du slogan \u00abLa jeunesse et le pari de l\u2019environnement durable\u00bb, s\u2019inscrit d\u2019ailleurs, a-t-il ajout\u00e9, \u00abdans le cadre de cette vision strat\u00e9gique\u00bb qui s\u2019est\u00a0 sold\u00e9 par une perc\u00e9e importante lors des derni\u00e8res \u00e9lections particuli\u00e8rement dans cette r\u00e9gion.<\/strong><\/p>\n<p>Benabdallah a rappel\u00e9\u00a0 que la Caravane du Livre n\u2019a pas vocation \u00e0 s\u2019adresser aux habitants et aux \u00e9lus locaux, mais plut\u00f4t \u00e0 les \u00e9couter. Au moment ou de nombreux partis, qui disposent de moyens plus importants, ne se manifestent que lors des campagnes \u00e9lectorales et leur relation avec les citoyens se limite aux r\u00e9sultats des scrutins, le PPS, lui, \u00a0maintient et renforce sa pr\u00e9sence et son contact continu avec les populations de mani\u00e8re interactive et direct. Cette pr\u00e9sence, a-t-il rappel\u00e9 est n\u00e9cessaire pour r\u00e9tablir la confiance des citoyens dans le travail politique. En se rendant sur le terrain pour s\u2019enqu\u00e9rir de leurs probl\u00e8mes, expliquer et contribuer \u00e0 leurs r\u00e9solution, les \u00e9lus du PPS ont l\u2019occasion d\u2019exercer \u00able r\u00f4le noble de la pratique de la politique\u00bb.<\/p>\n<p>Cette caravane est donc une opportunit\u00e9 devant les citoyens\u00a0 d\u2019exposer leurs probl\u00e8mes devant les \u00e9lus du groupe parlementaire du PPS afin de les plaider devant l\u2019institution d\u00e9lib\u00e9rante par le biais des questions \u00e9crites et orales, et en transmettant directement aux membres du gouvernement. C\u2019est \u00able r\u00f4le noble de la pratique de la politique\u00bb.<\/p>\n<p>En r\u00e9alit\u00e9 cet exercice est b\u00e9n\u00e9fique aux trois partis. Les d\u00e9put\u00e9s qui sont, une fois \u00e9lus se doivent d\u2019appr\u00e9hender la d\u00e9putation dans une dimension national et deviennent par cons\u00e9quent les repr\u00e9sentants de tous les Marocains et non seulement de leurs circonscriptions respectives, aux \u00e9lus locaux qui ont ainsi l\u2019occasion de maitriser les rouages et les proc\u00e9dures de l\u2019action politique au niveau central et aux citoyens et de la soci\u00e9t\u00e9 civile qui a l\u2019occasion de recouvrer sa confiance dans les \u00e9lus et les partis politiques et par cons\u00e9quent dans l\u2019action politique en g\u00e9n\u00e9ral.<\/p>\n<p>Le secr\u00e9taire g\u00e9n\u00e9ral du parti du Livre a \u00e9voqu\u00e9 les d\u00e9fis auxquels le Maroc est confront\u00e9 aujourd\u2019hui, en relation avec les r\u00e9percussions sociales et \u00e9conomiques de la pand\u00e9mie du Covid19 et de la r\u00e9cente crise ukraino-russe, reprochant au gouvernement son incapacit\u00e9 \u00e0 g\u00e9rer la situation et de se soustraire \u00e0 ses engagements en pr\u00e9sentant des raisons non objectives aux citoyens.<\/p>\n<div class=\"wp-block-image\">\n<figure class=\"aligncenter size-large is-resized\"><img decoding=\"async\" loading=\"lazy\" src=\"https:\/\/linitiative.ca\/International\/wp-content\/uploads\/sites\/23\/2022\/03\/3-OUV4.jpg\" alt=\"\" class=\"wp-image-135381\" width=\"723\" height=\"427\"><\/figure>\n<\/div>\n<p>Pour lui, le gouvernement et sa majorit\u00e9 ont aujourd\u2019hui tous les moyens en les mains pour agir. Une coalition r\u00e9duite, une majorit\u00e9 confortable, le contr\u00f4le de la quasi-majorit\u00e9 des conseils locaux et r\u00e9gionaux, un cadre institutionnel plut\u00f4t favorable \u00e0 une action rapide et efficace. Il s\u2019est ainsi interrog\u00e9 sur les raisons du retard du gouvernement \u00e0 mettre en place des mesures tangibles pour \u00a0rassurer le citoyen, aujourd\u2019hui foudroy\u00e9 par la hausse des prix du carburant, des denr\u00e9es de base, des l\u00e9gumes, des transports\u2026 malgr\u00e9 la disponibilit\u00e9 de m\u00e9canismes proc\u00e9duraux pour mettre un terme \u00e0 cette h\u00e9morragie qui a \u00e9puis\u00e9 les Marocains.<\/p>\n<p>Benabdellah a attribu\u00e9 les raisons de cette inaction aux conflits d\u2019int\u00e9r\u00eats et \u00e0 la complaisance manifeste \u00e0 l\u2019\u00e9gard des courtiers et des sp\u00e9culateurs. Au lieu de prot\u00e9ger les citoyens et les consommateurs de la cupidit\u00e9 des compagnies p\u00e9troli\u00e8res dont les b\u00e9n\u00e9fices ont doubl\u00e9 de fa\u00e7on inacceptable se recroqueville dans une position de spectateurs passif.<\/p>\n<p>Le secr\u00e9taire g\u00e9n\u00e9ral du parti Livre n\u2019a pas cach\u00e9 son d\u00e9sir de voir ce gouvernement r\u00e9ussir dans la t\u00e2che qui lui est confi\u00e9e, car son succ\u00e8s rejaillira positivement sur \u00ab notre pays et notre peuple \u00bb, donc le gouvernement doit \u00eatre fort avec le \u00ab\u00a0des mesures\u00a0\u00bb qu\u2019il prend, et non avec \u00ab\u00a0des promesses, des chiffres et le nombre de si\u00e8ges obtenus\u00a0\u00bb aux \u00e9lections.<\/p>\n<p class=\"has-vivid-red-color has-text-color\"><strong>Hamouni\u00a0: Le PPS est une force de proposition et d\u2019action<\/strong><\/p>\n<div class=\"wp-block-image\">\n<figure class=\"aligncenter size-large is-resized\"><img decoding=\"async\" loading=\"lazy\" src=\"https:\/\/linitiative.ca\/International\/wp-content\/uploads\/sites\/23\/2022\/03\/3-Hamouni.jpg\" alt=\"\" class=\"wp-image-135378\" width=\"678\" height=\"400\"><\/figure>\n<\/div>\n<p>M\u00eame son de cloches de la part de Rachid Hamouni, chef du Groupe parlementaire du Parti du progr\u00e8s et du socialisme \u00e0 la Chambre des Repr\u00e9sentants, a d\u00e9clar\u00e9 que l\u2019actuel gouvernement est devenu une simple agence de presse qui se contente de reprendre les fluctuations des prix des produits de base et des mati\u00e8res premi\u00e8res au niveau international.<\/p>\n<p>Hamouni a tenu \u00e9galement \u00e0 d\u00e9noncer \u00ab\u00a0l\u2019absence des ministres aux s\u00e9ances publiques du Parlement, y compris le chef de gouvernement qui n\u2019a assist\u00e9 qu\u2019\u00e0 trois reprises aux s\u00e9ances publiques orales, en violation flagrante de la constitution qui stipule sa pr\u00e9sence une fois par mois.\u00a0\u00bb<\/p>\n<p>Dans son intervention, Rachid Hamouni a soulign\u00e9 que cette Caravane du Livre permet aux parlementaires de rencontrer directement les citoyens et les \u00e9lus, et de porter leurs dossiers pour les plaider par les moyens dont dispose le d\u00e9put\u00e9 parlementaire.<\/p>\n<p>Hamouni a d\u00e9crit le progr\u00e8s et le socialisme comme un \u00ab\u00a0parti moderne, dynamique et ouvert\u00a0\u00bb, par opposition \u00e0 certains partis rigides qui ne bougent qu\u2019\u00e0 l\u2019occasion des campagnes \u00e9lectorales. Au contraire, \u00ab\u00a0ce parti ne cesse d\u2019exercer son r\u00f4le de force de propositions chaque semaine mettant en garde contre les d\u00e9fis \u00a0de la situation actuelle et proposant des solutions r\u00e9alistes et adapt\u00e9es ainsi que des alternatives pour sortir le pays de cette crise.<\/p>\n<p>L\u2019intervenant a estim\u00e9 que la rue n\u2019a pas encore ressenti la pr\u00e9sence de ce gouvernement, qui n\u2019a pas pris de mesures qui l\u2019affectent, qui encourage une perte de confiance dans la politique dont les r\u00f4les incluent d\u2019encadrer et de servir les int\u00e9r\u00eats du peuple, pas de le fuir apr\u00e8s le succ\u00e8s aux \u00e9lections.<\/p>\n<p class=\"has-vivid-red-color has-text-color\"><strong>Karim Tej\u00a0: les citoyens ont besoin de sentir la pr\u00e9sence des \u00e9lus<\/strong><\/p>\n<div class=\"wp-block-image\">\n<figure class=\"aligncenter size-large is-resized\"><img decoding=\"async\" loading=\"lazy\" src=\"https:\/\/linitiative.ca\/International\/wp-content\/uploads\/sites\/23\/2022\/03\/3-Karim-Tej.jpg\" alt=\"\" class=\"wp-image-135379\" width=\"742\" height=\"438\"><\/figure>\n<\/div>\n<p>Dans ce m\u00eame cadre contexte, Karim Tej, secr\u00e9taire g\u00e9n\u00e9ral de l\u2019Association d\u00e9mocratique des \u00e9lus\u00a0 progressistes (ADEP), a signal\u00e9 que la Caravane du Livre est un cadre de travail commun selon une approche participative entre le parti, le groupe parlementaire et les \u00e9lus locaux.<\/p>\n<p>Dans son allocution, Tej a soulign\u00e9 l\u2019importance de cette initiative, qui permet au groupe parlementaire de s\u2019enqu\u00e9rir directement de la situation des Marocains dans toutes les r\u00e9gions du pays, sur la base m\u00e9canismes dont dispose le groupe au Parlement (questions \u00e9crites, orales, commissions d\u2019enqu\u00eate).<\/p>\n<p>Karim Taj a soulign\u00e9 que les citoyens ont besoin de sentir la pr\u00e9sence des \u00e9lus, ce qui ne peut \u00eatre r\u00e9alis\u00e9 qu\u2019en se d\u00e9pla\u00e7ant et en travaillant sur leurs besoins quotidiens simples, tels que les routes, l\u2019\u00e9clairage, les transports et les services publics n\u00e9cessaires.<\/p>\n<div class=\"wp-block-image\">\n<figure class=\"aligncenter size-large is-resized\"><img decoding=\"async\" loading=\"lazy\" src=\"https:\/\/linitiative.ca\/International\/wp-content\/uploads\/sites\/23\/2022\/03\/3-Bayazid.jpg\" alt=\"\" class=\"wp-image-135380\" width=\"702\" height=\"415\"><\/figure>\n<\/div>\n<p>Le repr\u00e9sentant parlementaire du Parti du progr\u00e8s et du socialisme \u00e0 la Chambre des repr\u00e9sentants de la circonscription d\u2019El Jadida, Youssef Bayazid, qui a anim\u00e9 la s\u00e9ance d\u2019ouverture de cette rencontre avait bross\u00e9 le cadre g\u00e9n\u00e9ral de l\u2019action des \u00e9lus du PPS dans la r\u00e9gion et les d\u00e9fis qui les entourent ainsi que les actions men\u00e9es par les instances locales te provinciales pour assurer un rayonnement du parti dans la r\u00e9gion.<\/p>\n<p>L\u2019article <a rel=\"nofollow\" href=\"http:\/\/albayane.press.ma\/benabdallah-la-caravane-du-livre-conforte-le-role-noble-de-la-pratique-de-la-politique.html\">Benabdallah: La Caravane du Livre conforte \u00able r\u00f4le noble de la pratique de la politique\u00bb<\/a> est apparu en premier sur <a rel=\"nofollow\" href=\"http:\/\/albayane.press.ma\/\">ALBAYANE<\/a>.<\/p>\n<\/div>\n<p>Auteur: M&rsquo;hammed rahal<br \/>\n<a href=\"http:\/\/albayane.press.ma\/benabdallah-la-caravane-du-livre-conforte-le-role-noble-de-la-pratique-de-la-politique.html\">Cliquez ici pour lire l&rsquo;article depuis sa source.<\/a><\/p>\n","protected":false},"excerpt":{"rendered":"<p>El Jadida, 3\u00e8 \u00e9tape du p\u00e9riple des d\u00e9put\u00e9s PPS AEl Jadida, la troisi\u00e8me \u00e9tape de la Caravane du Livre, organis\u00e9 par le groupe parlementaire du PPS et l\u2019Association d\u00e9mocratique des \u00e9lus\u00a0 progressistes (ADEP) a marqu\u00e9 un tournant magistral dans l\u2019accomplissement sur le terrain du partenariat salutaire entre les acteurs\u00a0 incontournables du d\u00e9veloppement local\u00a0: D\u00e9put\u00e9s, \u00e9lus [&hellip;]<\/p>\n","protected":false},"author":1760,"featured_media":0,"comment_status":"closed","ping_status":"closed","sticky":false,"template":"","format":"standard","meta":{"fifu_image_url":"http:\/\/albayane.press.ma\/wp-content\/uploads\/3-PH-MACAO-2-316x360.jpg","fifu_image_alt":"Benabdallah: La Caravane du Livre conforte \u00able r\u00f4le noble de la pratique de la politique\u00bb","footnotes":""},"categories":[73,54],"tags":[],"class_list":["post-144065","post","type-post","status-publish","format-standard","hentry","category-actualite","category-maroc"],"_links":{"self":[{"href":"https:\/\/linitiative.ca\/International\/wp-json\/wp\/v2\/posts\/144065","targetHints":{"allow":["GET"]}}],"collection":[{"href":"https:\/\/linitiative.ca\/International\/wp-json\/wp\/v2\/posts"}],"about":[{"href":"https:\/\/linitiative.ca\/International\/wp-json\/wp\/v2\/types\/post"}],"author":[{"embeddable":true,"href":"https:\/\/linitiative.ca\/International\/wp-json\/wp\/v2\/users\/1760"}],"replies":[{"embeddable":true,"href":"https:\/\/linitiative.ca\/International\/wp-json\/wp\/v2\/comments?post=144065"}],"version-history":[{"count":0,"href":"https:\/\/linitiative.ca\/International\/wp-json\/wp\/v2\/posts\/144065\/revisions"}],"wp:attachment":[{"href":"https:\/\/linitiative.ca\/International\/wp-json\/wp\/v2\/media?parent=144065"}],"wp:term":[{"taxonomy":"category","embeddable":true,"href":"https:\/\/linitiative.ca\/International\/wp-json\/wp\/v2\/categories?post=144065"},{"taxonomy":"post_tag","embeddable":true,"href":"https:\/\/linitiative.ca\/International\/wp-json\/wp\/v2\/tags?post=144065"}],"curies":[{"name":"wp","href":"https:\/\/api.w.org\/{rel}","templated":true}]}}