{"id":144077,"date":"2022-03-27T09:38:53","date_gmt":"2022-03-27T13:38:53","guid":{"rendered":"https:\/\/linitiative.ca\/International\/ram-les-horaires-des-vols-avances-dune-heure-au-depart-et-a-larrivee\/"},"modified":"2022-03-27T09:38:53","modified_gmt":"2022-03-27T13:38:53","slug":"ram-les-horaires-des-vols-avances-dune-heure-au-depart-et-a-larrivee","status":"publish","type":"post","link":"https:\/\/linitiative.ca\/International\/ram-les-horaires-des-vols-avances-dune-heure-au-depart-et-a-larrivee\/","title":{"rendered":"RAM: les horaires des vols avanc\u00e9s d\u2019une heure au d\u00e9part et \u00e0 l\u2019arriv\u00e9e"},"content":{"rendered":"<div>\n<div style=\"margin-bottom:20px;\"><img loading=\"lazy\" decoding=\"async\" width=\"750\" height=\"430\" src=\"https:\/\/linitiative.ca\/International\/wp-content\/uploads\/sites\/23\/2022\/03\/Avion-de-Royal-Air-Maroc-Oujda-M750C397430-MAP.jpg\" class=\"attachment-post-thumbnail size-post-thumbnail wp-post-image\" alt=\"\" srcset=\"https:\/\/linitiative.ca\/International\/wp-content\/uploads\/sites\/23\/2022\/03\/Avion-de-Royal-Air-Maroc-Oujda-M750C397430-MAP.jpg 750w, https:\/\/www.mapoujda.ma\/map\/uploads\/2021\/02\/Avion-de-Royal-Air-Maroc-Oujda-M750\u00d7430-MAP-300x172.jpg 300w\" sizes=\"auto, (max-width: 750px) 100vw, 750px\"><\/div>\n<p style=\"text-align: justify;\">Les horaires des vols de Royal Air Maroc (RAM) seront avanc\u00e9s d\u2019une heure au d\u00e9part et \u00e0 l\u2019arriv\u00e9e des diff\u00e9rents a\u00e9roports marocains \u00e0 partir de dimanche 27 mars 2022 \u00e0 03 heures jusqu\u2019au 08 mai 2022 \u00e0 02h00.<\/p>\n<p style=\"text-align: justify;\">La Royal Air Maroc pr\u00e9cise que cette d\u00e9cision intervient suite au retour du Royaume du Maroc \u00e0 l\u2019heure GMT \u00e0 l\u2019occasion du mois de Ramadan.<\/p>\n<p style=\"text-align: justify;\">A cet effet, la compagnie a\u00e9rienne nationale invite ses clients \u00e0 \u00ab\u00a0se pr\u00e9senter suffisamment \u00e0 l\u2019avance aux guichets d\u2019enregistrement \u00e0 l\u2019a\u00e9roport\u00a0\u00bb.<\/p>\n<p style=\"text-align: justify;\">Le minist\u00e8re de la Transition num\u00e9rique et de la r\u00e9forme de l\u2019administration avait indiqu\u00e9 dans un communiqu\u00e9 que ce changement intervient en r\u00e9ponse \u00e0 la n\u00e9cessit\u00e9 de s\u2019adapter avec les sp\u00e9cificit\u00e9s de ce mois b\u00e9ni et de garantir les conditions propices \u00e0 l\u2019exercice des cultes, et ce en vertu du d\u00e9cret publi\u00e9 le 26 octobre 2018 relatif \u00e0 l\u2019heure l\u00e9gale et \u00e0 l\u2019arr\u00eat\u00e9 du Chef du gouvernement relatif au m\u00eame sujet.<\/p>\n<p style=\"text-align: justify;\">Durant le mois sacr\u00e9, les administrations publiques et les collectivit\u00e9s territoriales vont adopter l\u2019horaire continu (de 09h \u00e0 15h) du lundi au vendredi, avait pr\u00e9cis\u00e9 le minist\u00e8re.<\/p>\n<p>L\u2019article <a rel=\"nofollow\" href=\"https:\/\/www.mapoujda.ma\/fr\/les-horaires-des-vols-avances-dune-heure-au-depart-et-a-larrivee-des-aeroports\/\">RAM: les horaires des vols avanc\u00e9s d\u2019une heure au d\u00e9part et \u00e0 l\u2019arriv\u00e9e<\/a> est apparu en premier sur <a rel=\"nofollow\" href=\"https:\/\/www.mapoujda.ma\/fr\">MapOujda<\/a>.<\/p>\n<\/div>\n<p>Auteur: Soufiane ELAHMAR<br \/>\n<a href=\"https:\/\/www.mapoujda.ma\/fr\/les-horaires-des-vols-avances-dune-heure-au-depart-et-a-larrivee-des-aeroports\/\">Cliquez ici pour lire l&rsquo;article depuis sa source.<\/a><\/p>\n","protected":false},"excerpt":{"rendered":"<p>Les horaires des vols de Royal Air Maroc (RAM) seront avanc\u00e9s d\u2019une heure au d\u00e9part et \u00e0 l\u2019arriv\u00e9e des diff\u00e9rents a\u00e9roports marocains \u00e0 partir de dimanche 27 mars 2022 \u00e0 03 heures jusqu\u2019au 08 mai 2022 \u00e0 02h00. La Royal Air Maroc pr\u00e9cise que cette d\u00e9cision intervient suite au retour du Royaume du Maroc \u00e0 [&hellip;]<\/p>\n","protected":false},"author":1788,"featured_media":0,"comment_status":"closed","ping_status":"closed","sticky":false,"template":"","format":"standard","meta":{"fifu_image_url":"https:\/\/www.mapoujda.ma\/map\/uploads\/2021\/02\/Avion-de-Royal-Air-Maroc-Oujda-M750\u00d7430-MAP.jpg","fifu_image_alt":"RAM: les horaires des vols avanc\u00e9s d\u2019une heure au d\u00e9part et \u00e0 l\u2019arriv\u00e9e","footnotes":""},"categories":[54,76],"tags":[],"class_list":["post-144077","post","type-post","status-publish","format-standard","hentry","category-maroc","category-regions"],"_links":{"self":[{"href":"https:\/\/linitiative.ca\/International\/wp-json\/wp\/v2\/posts\/144077","targetHints":{"allow":["GET"]}}],"collection":[{"href":"https:\/\/linitiative.ca\/International\/wp-json\/wp\/v2\/posts"}],"about":[{"href":"https:\/\/linitiative.ca\/International\/wp-json\/wp\/v2\/types\/post"}],"author":[{"embeddable":true,"href":"https:\/\/linitiative.ca\/International\/wp-json\/wp\/v2\/users\/1788"}],"replies":[{"embeddable":true,"href":"https:\/\/linitiative.ca\/International\/wp-json\/wp\/v2\/comments?post=144077"}],"version-history":[{"count":0,"href":"https:\/\/linitiative.ca\/International\/wp-json\/wp\/v2\/posts\/144077\/revisions"}],"wp:attachment":[{"href":"https:\/\/linitiative.ca\/International\/wp-json\/wp\/v2\/media?parent=144077"}],"wp:term":[{"taxonomy":"category","embeddable":true,"href":"https:\/\/linitiative.ca\/International\/wp-json\/wp\/v2\/categories?post=144077"},{"taxonomy":"post_tag","embeddable":true,"href":"https:\/\/linitiative.ca\/International\/wp-json\/wp\/v2\/tags?post=144077"}],"curies":[{"name":"wp","href":"https:\/\/api.w.org\/{rel}","templated":true}]}}