{"id":144079,"date":"2022-03-27T09:23:05","date_gmt":"2022-03-27T13:23:05","guid":{"rendered":"https:\/\/linitiative.ca\/International\/le-mp-entame-les-preparatifs-de-son-14e-congres-national\/"},"modified":"2022-03-27T09:23:05","modified_gmt":"2022-03-27T13:23:05","slug":"le-mp-entame-les-preparatifs-de-son-14e-congres-national","status":"publish","type":"post","link":"https:\/\/linitiative.ca\/International\/le-mp-entame-les-preparatifs-de-son-14e-congres-national\/","title":{"rendered":"Le MP entame les pr\u00e9paratifs de son 14e Congr\u00e8s national"},"content":{"rendered":"<div>\n<div class=\"field field-name-body field-type-text-with-summary field-label-hidden\">\n<div class=\"field-items\">\n<div class=\"field-item even\" property=\"content:encoded\">\n<p class=\"rtejustify\">Le Mouvement Populaire (MP) tiendra son 14e Congr\u00e8s national durant l\u2019\u00e9t\u00e9 au plus tard au mois de septembre prochain. La d\u00e9cision a \u00e9t\u00e9 ent\u00e9rin\u00e9e par les membres du Conseil national de l\u2019organisation lors d\u2019une session ordinaire tenue, samedi, au Palais des Congr\u00e8s Bouregreg-El Oulja \u00e0 Sal\u00e9. La commission pr\u00e9paratoire du congr\u00e8s devrait entamer son travail \u00e0 partir du mois d\u2019avril prochain, a annonc\u00e9 Mohand Laenser, SG du MP, lors de la pr\u00e9sentation de son rapport politique aux membres du Parlement du parti.<\/p>\n<\/div>\n<\/div>\n<\/div>\n<\/div>\n<p>Auteur: hgueye<br \/>\n<a href=\"https:\/\/www.leconomiste.com\/flash-infos\/le-mp-entame-les-preparatifs-de-son-14e-congres-national\">Cliquez ici pour lire l&rsquo;article depuis sa source.<\/a><\/p>\n","protected":false},"excerpt":{"rendered":"<p>Le Mouvement Populaire (MP) tiendra son 14e Congr\u00e8s national durant l\u2019\u00e9t\u00e9 au plus tard au mois de septembre prochain. La d\u00e9cision a \u00e9t\u00e9 ent\u00e9rin\u00e9e par les membres du Conseil national de l\u2019organisation lors d\u2019une session ordinaire tenue, samedi, au Palais des Congr\u00e8s Bouregreg-El Oulja \u00e0 Sal\u00e9. La commission pr\u00e9paratoire du congr\u00e8s devrait entamer son travail [&hellip;]<\/p>\n","protected":false},"author":1763,"featured_media":0,"comment_status":"closed","ping_status":"closed","sticky":false,"template":"","format":"standard","meta":{"fifu_image_url":"","fifu_image_alt":"","footnotes":""},"categories":[78,54],"tags":[],"class_list":["post-144079","post","type-post","status-publish","format-standard","hentry","category-economie","category-maroc"],"_links":{"self":[{"href":"https:\/\/linitiative.ca\/International\/wp-json\/wp\/v2\/posts\/144079","targetHints":{"allow":["GET"]}}],"collection":[{"href":"https:\/\/linitiative.ca\/International\/wp-json\/wp\/v2\/posts"}],"about":[{"href":"https:\/\/linitiative.ca\/International\/wp-json\/wp\/v2\/types\/post"}],"author":[{"embeddable":true,"href":"https:\/\/linitiative.ca\/International\/wp-json\/wp\/v2\/users\/1763"}],"replies":[{"embeddable":true,"href":"https:\/\/linitiative.ca\/International\/wp-json\/wp\/v2\/comments?post=144079"}],"version-history":[{"count":0,"href":"https:\/\/linitiative.ca\/International\/wp-json\/wp\/v2\/posts\/144079\/revisions"}],"wp:attachment":[{"href":"https:\/\/linitiative.ca\/International\/wp-json\/wp\/v2\/media?parent=144079"}],"wp:term":[{"taxonomy":"category","embeddable":true,"href":"https:\/\/linitiative.ca\/International\/wp-json\/wp\/v2\/categories?post=144079"},{"taxonomy":"post_tag","embeddable":true,"href":"https:\/\/linitiative.ca\/International\/wp-json\/wp\/v2\/tags?post=144079"}],"curies":[{"name":"wp","href":"https:\/\/api.w.org\/{rel}","templated":true}]}}