{"id":144083,"date":"2022-03-27T09:20:00","date_gmt":"2022-03-27T13:20:00","guid":{"rendered":"https:\/\/linitiative.ca\/International\/juventus-alex-sandro-et-bernardeschi-convoques-par-la-justice-italienne\/"},"modified":"2022-03-27T09:20:00","modified_gmt":"2022-03-27T13:20:00","slug":"juventus-alex-sandro-et-bernardeschi-convoques-par-la-justice-italienne","status":"publish","type":"post","link":"https:\/\/linitiative.ca\/International\/juventus-alex-sandro-et-bernardeschi-convoques-par-la-justice-italienne\/","title":{"rendered":"Juventus : Alex Sandro et Bernardeschi convoqu\u00e9s par la justice italienne"},"content":{"rendered":"<div>Selon Sky Sport et Footmercato, apr\u00e8s Paulo Dybala jeudi dernier, c\u2019est maintenant Alex Sandro et Federico Bernardeschi qui ont \u00e9t\u00e9 convoqu\u00e9s par le justice italienne pour t\u00e9moigner dans l\u2019affaire des plus-values fictives.<\/div>\n<p>Auteur:<br \/>\n<a href=\"https:\/\/www.lebuteur.com\/article\/detail?titre=juventus-alex-sandro-et-bernardeschi-convoques-par-la-justice-italienne&#038;id=102576\">Cliquez ici pour lire l&rsquo;article depuis sa source.<\/a><\/p>\n","protected":false},"excerpt":{"rendered":"<p>Selon Sky Sport et Footmercato, apr\u00e8s Paulo Dybala jeudi dernier, c\u2019est maintenant Alex Sandro et Federico Bernardeschi qui ont \u00e9t\u00e9 convoqu\u00e9s par le justice italienne pour t\u00e9moigner dans l\u2019affaire des plus-values fictives. Auteur: Cliquez ici pour lire l&rsquo;article depuis sa source.<\/p>\n","protected":false},"author":1738,"featured_media":0,"comment_status":"closed","ping_status":"closed","sticky":false,"template":"","format":"standard","meta":{"fifu_image_url":"","fifu_image_alt":"","footnotes":""},"categories":[53,75],"tags":[],"class_list":["post-144083","post","type-post","status-publish","format-standard","hentry","category-algerie","category-sport"],"_links":{"self":[{"href":"https:\/\/linitiative.ca\/International\/wp-json\/wp\/v2\/posts\/144083","targetHints":{"allow":["GET"]}}],"collection":[{"href":"https:\/\/linitiative.ca\/International\/wp-json\/wp\/v2\/posts"}],"about":[{"href":"https:\/\/linitiative.ca\/International\/wp-json\/wp\/v2\/types\/post"}],"author":[{"embeddable":true,"href":"https:\/\/linitiative.ca\/International\/wp-json\/wp\/v2\/users\/1738"}],"replies":[{"embeddable":true,"href":"https:\/\/linitiative.ca\/International\/wp-json\/wp\/v2\/comments?post=144083"}],"version-history":[{"count":0,"href":"https:\/\/linitiative.ca\/International\/wp-json\/wp\/v2\/posts\/144083\/revisions"}],"wp:attachment":[{"href":"https:\/\/linitiative.ca\/International\/wp-json\/wp\/v2\/media?parent=144083"}],"wp:term":[{"taxonomy":"category","embeddable":true,"href":"https:\/\/linitiative.ca\/International\/wp-json\/wp\/v2\/categories?post=144083"},{"taxonomy":"post_tag","embeddable":true,"href":"https:\/\/linitiative.ca\/International\/wp-json\/wp\/v2\/tags?post=144083"}],"curies":[{"name":"wp","href":"https:\/\/api.w.org\/{rel}","templated":true}]}}