{"id":144085,"date":"2022-03-27T04:00:00","date_gmt":"2022-03-27T08:00:00","guid":{"rendered":"https:\/\/linitiative.ca\/International\/la-reserve-federale-americaine-augmente-ses-taux-et-renforce-ses-efforts-pour-maitriser-linflation\/"},"modified":"2022-03-27T04:00:00","modified_gmt":"2022-03-27T08:00:00","slug":"la-reserve-federale-americaine-augmente-ses-taux-et-renforce-ses-efforts-pour-maitriser-linflation","status":"publish","type":"post","link":"https:\/\/linitiative.ca\/International\/la-reserve-federale-americaine-augmente-ses-taux-et-renforce-ses-efforts-pour-maitriser-linflation\/","title":{"rendered":"La R\u00e9serve F\u00e9d\u00e9rale Am\u00e9ricaine augmente ses taux et renforce ses efforts pour ma\u00eetriser l&rsquo;inflation"},"content":{"rendered":"<div><img decoding=\"async\" src=\"https:\/\/linitiative.ca\/International\/wp-content\/uploads\/sites\/23\/2022\/03\/1648222939_article.jpg\" alt=\"La R\u00e9serve F\u00e9d\u00e9rale Am\u00e9ricaine augmente ses taux et renforce ses efforts pour ma\u00eetriser l\" inflation align=\"left\">La R\u00e9serve F\u00e9d\u00e9rale Am\u00e9ricaine (Fed) est \u00e0 pied d&rsquo;\u0153uvre. Apr\u00e8s plusieurs mois de gestion des attentes des acteurs du march\u00e9 quant \u00e0 ses futures actions, la R\u00e9serve F\u00e9d\u00e9rale a d\u00e9cr\u00e9t\u00e9 sa premi\u00e8re augmentation de son taux directeur depuis 2016. En effet, lors de la r\u00e9union de son Comit\u00e9 f\u00e9d\u00e9ral de l&rsquo;Open Market (FOMC) du 16 mars 2022, la Fed a augment\u00e9 le taux cible des fonds de 25 points de base pour le porter \u00e0 0,25-0,5 %. Cette mesure \u00e9tait amplement attendue par le march\u00e9 et d\u00e9coulait d&rsquo;une forte reprise \u00e9conomique et de taux d&rsquo;inflation \u00e9lev\u00e9s depuis des d\u00e9cennies. La Fed a \u00e9galement annonc\u00e9 qu&rsquo;elle pr\u00e9voyait six nouvelles hausses du taux en 2022.<br \/>\nLa &#8230;<\/p>\n<\/div>\n<p>Auteur:<br \/>\n<a href=\"https:\/\/www.leaders.com.tn\/article\/33136-la-reserve-federale-americaine-augmente-ses-taux-et-renforce-ses-efforts-pour-maitriser-l-inflation\">Cliquez ici pour lire l&rsquo;article depuis sa source.<\/a><\/p>\n","protected":false},"excerpt":{"rendered":"<p>La R\u00e9serve F\u00e9d\u00e9rale Am\u00e9ricaine (Fed) est \u00e0 pied d&rsquo;\u0153uvre. Apr\u00e8s plusieurs mois de gestion des attentes des acteurs du march\u00e9 quant \u00e0 ses futures actions, la R\u00e9serve F\u00e9d\u00e9rale a d\u00e9cr\u00e9t\u00e9 sa premi\u00e8re augmentation de son taux directeur depuis 2016. En effet, lors de la r\u00e9union de son Comit\u00e9 f\u00e9d\u00e9ral de l&rsquo;Open Market (FOMC) du 16 [&hellip;]<\/p>\n","protected":false},"author":1772,"featured_media":0,"comment_status":"closed","ping_status":"closed","sticky":false,"template":"","format":"standard","meta":{"fifu_image_url":"http:\/\/www.leaders.com.tn\/uploads\/content\/thumbnails_small\/1648222939_article.jpg","fifu_image_alt":"<div>La R\u00e9serve F\u00e9d\u00e9rale Am\u00e9ricaine augmente ses taux et renforce ses efforts pour ma\u00eetriser l'inflation<\/div>","footnotes":""},"categories":[73,55],"tags":[],"class_list":["post-144085","post","type-post","status-publish","format-standard","hentry","category-actualite","category-tunisie"],"_links":{"self":[{"href":"https:\/\/linitiative.ca\/International\/wp-json\/wp\/v2\/posts\/144085","targetHints":{"allow":["GET"]}}],"collection":[{"href":"https:\/\/linitiative.ca\/International\/wp-json\/wp\/v2\/posts"}],"about":[{"href":"https:\/\/linitiative.ca\/International\/wp-json\/wp\/v2\/types\/post"}],"author":[{"embeddable":true,"href":"https:\/\/linitiative.ca\/International\/wp-json\/wp\/v2\/users\/1772"}],"replies":[{"embeddable":true,"href":"https:\/\/linitiative.ca\/International\/wp-json\/wp\/v2\/comments?post=144085"}],"version-history":[{"count":0,"href":"https:\/\/linitiative.ca\/International\/wp-json\/wp\/v2\/posts\/144085\/revisions"}],"wp:attachment":[{"href":"https:\/\/linitiative.ca\/International\/wp-json\/wp\/v2\/media?parent=144085"}],"wp:term":[{"taxonomy":"category","embeddable":true,"href":"https:\/\/linitiative.ca\/International\/wp-json\/wp\/v2\/categories?post=144085"},{"taxonomy":"post_tag","embeddable":true,"href":"https:\/\/linitiative.ca\/International\/wp-json\/wp\/v2\/tags?post=144085"}],"curies":[{"name":"wp","href":"https:\/\/api.w.org\/{rel}","templated":true}]}}