{"id":144089,"date":"2022-03-27T10:25:00","date_gmt":"2022-03-27T14:25:00","guid":{"rendered":"https:\/\/linitiative.ca\/International\/hajer-el-ouardani-economiste\/"},"modified":"2022-03-27T10:25:00","modified_gmt":"2022-03-27T14:25:00","slug":"hajer-el-ouardani-economiste","status":"publish","type":"post","link":"https:\/\/linitiative.ca\/International\/hajer-el-ouardani-economiste\/","title":{"rendered":"Hajer El Ouardani, \u00c9conomiste"},"content":{"rendered":"<div><img decoding=\"async\" src=\"https:\/\/linitiative.ca\/International\/wp-content\/uploads\/sites\/23\/2022\/03\/1648387694_article.jpg\" alt=\"Hajer El Ouardani\" align=\"left\">Hajer El Ouardani a obtenu son doctorat en \u00e9conomie \u00e0 l&rsquo;Universit\u00e9 de Nice Sophia Antipolis, en France, en 2002. Depuis 2000, elle a rejoint le d\u00e9partement d&rsquo;\u00e9conomie de l&rsquo;\u00c9cole Sup\u00e9rieure des Sciences \u00c9conomiques et Commerciale de Tunis (Universit\u00e9 de Tunis). De d\u00e9cembre 2017 \u00e0 D\u00e9cembre 2020 elle dirige le \u00ab\u00a0D\u00e9partement d&rsquo;\u00e9conomie et de m\u00e9thodes quantitatives\u00a0\u00bb de l&rsquo;\u00c9cole Sup\u00e9rieure des Sciences \u00c9conomiques et Commerciale de Tunis (Universit\u00e9 de Tunis).\u00a0<br \/>\nLes recherches de Mme El Ouardani portent sur l\u2019analyse des politiques macro\u00e9conomiques et le march\u00e9 du travail. Elle est co-auteur de deux rapports FEMISE sur les \u00e9conomies de la r\u00e9gion MENA et de quelques &#8230;<\/p>\n<\/div>\n<p>Auteur:<br \/>\n<a href=\"https:\/\/www.leaders.com.tn\/article\/33140-hajer-el-ouardani\">Cliquez ici pour lire l&rsquo;article depuis sa source.<\/a><\/p>\n","protected":false},"excerpt":{"rendered":"<p>Hajer El Ouardani a obtenu son doctorat en \u00e9conomie \u00e0 l&rsquo;Universit\u00e9 de Nice Sophia Antipolis, en France, en 2002. Depuis 2000, elle a rejoint le d\u00e9partement d&rsquo;\u00e9conomie de l&rsquo;\u00c9cole Sup\u00e9rieure des Sciences \u00c9conomiques et Commerciale de Tunis (Universit\u00e9 de Tunis). De d\u00e9cembre 2017 \u00e0 D\u00e9cembre 2020 elle dirige le \u00ab\u00a0D\u00e9partement d&rsquo;\u00e9conomie et de m\u00e9thodes quantitatives\u00a0\u00bb [&hellip;]<\/p>\n","protected":false},"author":1772,"featured_media":0,"comment_status":"closed","ping_status":"closed","sticky":false,"template":"","format":"standard","meta":{"fifu_image_url":"http:\/\/www.leaders.com.tn\/uploads\/content\/thumbnails_small\/1648387694_article.jpg","fifu_image_alt":"Hajer El Ouardani, \u00c9conomiste","footnotes":""},"categories":[73,55],"tags":[],"class_list":["post-144089","post","type-post","status-publish","format-standard","hentry","category-actualite","category-tunisie"],"_links":{"self":[{"href":"https:\/\/linitiative.ca\/International\/wp-json\/wp\/v2\/posts\/144089","targetHints":{"allow":["GET"]}}],"collection":[{"href":"https:\/\/linitiative.ca\/International\/wp-json\/wp\/v2\/posts"}],"about":[{"href":"https:\/\/linitiative.ca\/International\/wp-json\/wp\/v2\/types\/post"}],"author":[{"embeddable":true,"href":"https:\/\/linitiative.ca\/International\/wp-json\/wp\/v2\/users\/1772"}],"replies":[{"embeddable":true,"href":"https:\/\/linitiative.ca\/International\/wp-json\/wp\/v2\/comments?post=144089"}],"version-history":[{"count":0,"href":"https:\/\/linitiative.ca\/International\/wp-json\/wp\/v2\/posts\/144089\/revisions"}],"wp:attachment":[{"href":"https:\/\/linitiative.ca\/International\/wp-json\/wp\/v2\/media?parent=144089"}],"wp:term":[{"taxonomy":"category","embeddable":true,"href":"https:\/\/linitiative.ca\/International\/wp-json\/wp\/v2\/categories?post=144089"},{"taxonomy":"post_tag","embeddable":true,"href":"https:\/\/linitiative.ca\/International\/wp-json\/wp\/v2\/tags?post=144089"}],"curies":[{"name":"wp","href":"https:\/\/api.w.org\/{rel}","templated":true}]}}