{"id":144091,"date":"2022-03-27T10:32:00","date_gmt":"2022-03-27T14:32:00","guid":{"rendered":"https:\/\/linitiative.ca\/International\/lhommage-dabdelmajid-fredj-a-ali-debaya\/"},"modified":"2022-03-27T10:32:00","modified_gmt":"2022-03-27T14:32:00","slug":"lhommage-dabdelmajid-fredj-a-ali-debaya","status":"publish","type":"post","link":"https:\/\/linitiative.ca\/International\/lhommage-dabdelmajid-fredj-a-ali-debaya\/","title":{"rendered":"L\u2019hommage d\u2019Abdelmajid Fredj \u00e0 Ali Debaya"},"content":{"rendered":"<div><img decoding=\"async\" src=\"https:\/\/linitiative.ca\/International\/wp-content\/uploads\/sites\/23\/2022\/03\/1648389032_article.jpg\" alt=\"L\u2019hommage d\u2019Abdelmajid Fredj \u00e0 Ali Debaya\" align=\"left\">Une grande figure de la banque, des finances et de l\u2019\u00e9conomie nous quitte avec le d\u00e9c\u00e8s d\u2019Ali Debaya. Tout jeune, il d\u00e9barqua \u00e0 la Banque centrale de Tunisie, bouillonnant d\u2019\u00e9nergie et d\u2019id\u00e9es. Il n\u2019a pas tard\u00e9 \u00e0 marquer de son g\u00e9nie la direction des \u00e9tudes et de la recherche \u00e9conomique. Il se distingua par son dynamisme et son amour pour aller toujours de l\u2019avant. A une \u00e9poque o\u00f9 les r\u00e9serves en devises se faisaient rares, le gouverneur, Feu Si Moncef Belkhodja, que Dieu ait son \u00e2me, l\u2019a tr\u00e8s t\u00f4t remarqu\u00e9 pour en faire son appui pour la conduite de la politique commerciale et de change de concert avec le ministre de l\u2019\u00c9conomie, Feu Salah Mbarka, que Dieu &#8230;<\/p>\n<\/div>\n<p>Auteur:<br \/>\n<a href=\"https:\/\/www.leaders.com.tn\/article\/33141-l-hommage-d-abdelmajid-fredj-a-ali-debaya\">Cliquez ici pour lire l&rsquo;article depuis sa source.<\/a><\/p>\n","protected":false},"excerpt":{"rendered":"<p>Une grande figure de la banque, des finances et de l\u2019\u00e9conomie nous quitte avec le d\u00e9c\u00e8s d\u2019Ali Debaya. Tout jeune, il d\u00e9barqua \u00e0 la Banque centrale de Tunisie, bouillonnant d\u2019\u00e9nergie et d\u2019id\u00e9es. Il n\u2019a pas tard\u00e9 \u00e0 marquer de son g\u00e9nie la direction des \u00e9tudes et de la recherche \u00e9conomique. Il se distingua par son [&hellip;]<\/p>\n","protected":false},"author":1772,"featured_media":0,"comment_status":"closed","ping_status":"closed","sticky":false,"template":"","format":"standard","meta":{"fifu_image_url":"http:\/\/www.leaders.com.tn\/uploads\/content\/thumbnails_small\/1648389032_article.jpg","fifu_image_alt":"L\u2019hommage d\u2019Abdelmajid Fredj \u00e0 Ali Debaya","footnotes":""},"categories":[73,55],"tags":[],"class_list":["post-144091","post","type-post","status-publish","format-standard","hentry","category-actualite","category-tunisie"],"_links":{"self":[{"href":"https:\/\/linitiative.ca\/International\/wp-json\/wp\/v2\/posts\/144091","targetHints":{"allow":["GET"]}}],"collection":[{"href":"https:\/\/linitiative.ca\/International\/wp-json\/wp\/v2\/posts"}],"about":[{"href":"https:\/\/linitiative.ca\/International\/wp-json\/wp\/v2\/types\/post"}],"author":[{"embeddable":true,"href":"https:\/\/linitiative.ca\/International\/wp-json\/wp\/v2\/users\/1772"}],"replies":[{"embeddable":true,"href":"https:\/\/linitiative.ca\/International\/wp-json\/wp\/v2\/comments?post=144091"}],"version-history":[{"count":0,"href":"https:\/\/linitiative.ca\/International\/wp-json\/wp\/v2\/posts\/144091\/revisions"}],"wp:attachment":[{"href":"https:\/\/linitiative.ca\/International\/wp-json\/wp\/v2\/media?parent=144091"}],"wp:term":[{"taxonomy":"category","embeddable":true,"href":"https:\/\/linitiative.ca\/International\/wp-json\/wp\/v2\/categories?post=144091"},{"taxonomy":"post_tag","embeddable":true,"href":"https:\/\/linitiative.ca\/International\/wp-json\/wp\/v2\/tags?post=144091"}],"curies":[{"name":"wp","href":"https:\/\/api.w.org\/{rel}","templated":true}]}}