{"id":144093,"date":"2022-03-27T07:51:02","date_gmt":"2022-03-27T11:51:02","guid":{"rendered":"https:\/\/linitiative.ca\/International\/operation-marhaba-retour-des-ferrys-entre-lespagne-et-le-maroc-cet-ete\/"},"modified":"2022-03-27T07:51:02","modified_gmt":"2022-03-27T11:51:02","slug":"operation-marhaba-retour-des-ferrys-entre-lespagne-et-le-maroc-cet-ete","status":"publish","type":"post","link":"https:\/\/linitiative.ca\/International\/operation-marhaba-retour-des-ferrys-entre-lespagne-et-le-maroc-cet-ete\/","title":{"rendered":"Op\u00e9ration \u00abMarhaba\u00bb. Retour des ferrys entre l\u2019Espagne et le Maroc cet \u00e9t\u00e9"},"content":{"rendered":"<div><img decoding=\"async\" width=\"746\" height=\"380\" src=\"https:\/\/linitiative.ca\/International\/wp-content\/uploads\/sites\/23\/2022\/03\/MARHABA.jpg\" class=\"attachment-post-thumbnail size-post-thumbnail wp-post-image\" alt=\"\" loading=\"lazy\" srcset=\"https:\/\/linitiative.ca\/International\/wp-content\/uploads\/sites\/23\/2022\/03\/MARHABA.jpg 746w, https:\/\/www.challenge.ma\/wp-content\/uploads\/2022\/03\/MARHABA-300x153.jpg 300w, https:\/\/www.challenge.ma\/wp-content\/uploads\/2022\/03\/MARHABA-360x183.jpg 360w\" sizes=\"auto, (max-width: 746px) 100vw, 746px\" itemprop=\"image\">Le ministre espagnol des Affaires \u00e9trang\u00e8res, Jos\u00e9 Manuel Albares, \u00a0qui sera en visite au Maroc le 1er avril prochain pour renforcer la relation bilat\u00e9rale avec le Maroc, a annonc\u00e9 l\u2019\u00e9ventuelle reprise de l\u2019op\u00e9ration \u00ab\u00a0Marhaba\u00a0\u00bb et la r\u00e9ouverture des fronti\u00e8res maritimes entre les deux pays voisins. Selon la presse ib\u00e9rique, c\u2019est<\/div>\n<p>Auteur: challenge<br \/>\n<a href=\"https:\/\/www.challenge.ma\/operation-marhaba-retour-des-ferrys-entre-lespagne-et-le-maroc-cet-ete-235478\/\">Cliquez ici pour lire l&rsquo;article depuis sa source.<\/a><\/p>\n","protected":false},"excerpt":{"rendered":"<p>Le ministre espagnol des Affaires \u00e9trang\u00e8res, Jos\u00e9 Manuel Albares, \u00a0qui sera en visite au Maroc le 1er avril prochain pour renforcer la relation bilat\u00e9rale avec le Maroc, a annonc\u00e9 l\u2019\u00e9ventuelle reprise de l\u2019op\u00e9ration \u00ab\u00a0Marhaba\u00a0\u00bb et la r\u00e9ouverture des fronti\u00e8res maritimes entre les deux pays voisins. Selon la presse ib\u00e9rique, c\u2019est Auteur: challenge Cliquez ici pour [&hellip;]<\/p>\n","protected":false},"author":1787,"featured_media":0,"comment_status":"closed","ping_status":"closed","sticky":false,"template":"","format":"standard","meta":{"fifu_image_url":"https:\/\/www.challenge.ma\/wp-content\/uploads\/2022\/03\/MARHABA.jpg","fifu_image_alt":"Op\u00e9ration \u00abMarhaba\u00bb. Retour des ferrys entre l\u2019Espagne et le Maroc cet \u00e9t\u00e9","footnotes":""},"categories":[78,54],"tags":[],"class_list":["post-144093","post","type-post","status-publish","format-standard","hentry","category-economie","category-maroc"],"_links":{"self":[{"href":"https:\/\/linitiative.ca\/International\/wp-json\/wp\/v2\/posts\/144093","targetHints":{"allow":["GET"]}}],"collection":[{"href":"https:\/\/linitiative.ca\/International\/wp-json\/wp\/v2\/posts"}],"about":[{"href":"https:\/\/linitiative.ca\/International\/wp-json\/wp\/v2\/types\/post"}],"author":[{"embeddable":true,"href":"https:\/\/linitiative.ca\/International\/wp-json\/wp\/v2\/users\/1787"}],"replies":[{"embeddable":true,"href":"https:\/\/linitiative.ca\/International\/wp-json\/wp\/v2\/comments?post=144093"}],"version-history":[{"count":0,"href":"https:\/\/linitiative.ca\/International\/wp-json\/wp\/v2\/posts\/144093\/revisions"}],"wp:attachment":[{"href":"https:\/\/linitiative.ca\/International\/wp-json\/wp\/v2\/media?parent=144093"}],"wp:term":[{"taxonomy":"category","embeddable":true,"href":"https:\/\/linitiative.ca\/International\/wp-json\/wp\/v2\/categories?post=144093"},{"taxonomy":"post_tag","embeddable":true,"href":"https:\/\/linitiative.ca\/International\/wp-json\/wp\/v2\/tags?post=144093"}],"curies":[{"name":"wp","href":"https:\/\/api.w.org\/{rel}","templated":true}]}}