{"id":144099,"date":"2022-03-27T10:09:04","date_gmt":"2022-03-27T14:09:04","guid":{"rendered":"https:\/\/linitiative.ca\/International\/dakhla-se-dote-dune-representation-de-la-chambre-de-commerce-maroco-afro-bresilienne\/"},"modified":"2022-03-27T10:09:04","modified_gmt":"2022-03-27T14:09:04","slug":"dakhla-se-dote-dune-representation-de-la-chambre-de-commerce-maroco-afro-bresilienne","status":"publish","type":"post","link":"https:\/\/linitiative.ca\/International\/dakhla-se-dote-dune-representation-de-la-chambre-de-commerce-maroco-afro-bresilienne\/","title":{"rendered":"Dakhla se dote d\u2019une repr\u00e9sentation de la Chambre de commerce maroco-afro-br\u00e9silienne"},"content":{"rendered":"<div><img decoding=\"async\" width=\"802\" height=\"482\" src=\"https:\/\/linitiative.ca\/International\/wp-content\/uploads\/sites\/23\/2022\/03\/DAKH.jpg\" class=\"attachment-post-thumbnail size-post-thumbnail wp-post-image\" alt=\"\" loading=\"lazy\" srcset=\"https:\/\/linitiative.ca\/International\/wp-content\/uploads\/sites\/23\/2022\/03\/DAKH.jpg 802w, https:\/\/www.challenge.ma\/wp-content\/uploads\/2022\/03\/DAKH-300x180.jpg 300w, https:\/\/www.challenge.ma\/wp-content\/uploads\/2022\/03\/DAKH-768x462.jpg 768w, https:\/\/www.challenge.ma\/wp-content\/uploads\/2022\/03\/DAKH-360x216.jpg 360w, https:\/\/www.challenge.ma\/wp-content\/uploads\/2022\/03\/DAKH-750x451.jpg 750w\" sizes=\"auto, (max-width: 802px) 100vw, 802px\" itemprop=\"image\">Une repr\u00e9sentation de la Chambre de commerce maroco-afro-br\u00e9silienne a \u00e9t\u00e9 inaugur\u00e9e, hier samedi 26 mars \u00e0 Dakhla, en vue de consolider les \u00e9changes commerciaux et la coop\u00e9ration \u00e9conomique entre le Maroc et le Br\u00e9sil.\u00a0 La ville de Dakhla dispose d\u00e9sormais d\u2019une repr\u00e9sentation de la Chambre de commerce maroco-br\u00e9silienne. Cette repr\u00e9sentation<\/div>\n<p>Auteur: challenge<br \/>\n<a href=\"https:\/\/www.challenge.ma\/dakhla-se-dote-dune-representation-de-la-chambre-de-commerce-maroco-afro-bresilienne-235493\/\">Cliquez ici pour lire l&rsquo;article depuis sa source.<\/a><\/p>\n","protected":false},"excerpt":{"rendered":"<p>Une repr\u00e9sentation de la Chambre de commerce maroco-afro-br\u00e9silienne a \u00e9t\u00e9 inaugur\u00e9e, hier samedi 26 mars \u00e0 Dakhla, en vue de consolider les \u00e9changes commerciaux et la coop\u00e9ration \u00e9conomique entre le Maroc et le Br\u00e9sil.\u00a0 La ville de Dakhla dispose d\u00e9sormais d\u2019une repr\u00e9sentation de la Chambre de commerce maroco-br\u00e9silienne. Cette repr\u00e9sentation Auteur: challenge Cliquez ici pour [&hellip;]<\/p>\n","protected":false},"author":1787,"featured_media":0,"comment_status":"closed","ping_status":"closed","sticky":false,"template":"","format":"standard","meta":{"fifu_image_url":"https:\/\/www.challenge.ma\/wp-content\/uploads\/2022\/03\/DAKH.jpg","fifu_image_alt":"Dakhla se dote d\u2019une repr\u00e9sentation de la Chambre de commerce maroco-afro-br\u00e9silienne","footnotes":""},"categories":[78,54],"tags":[],"class_list":["post-144099","post","type-post","status-publish","format-standard","hentry","category-economie","category-maroc"],"_links":{"self":[{"href":"https:\/\/linitiative.ca\/International\/wp-json\/wp\/v2\/posts\/144099","targetHints":{"allow":["GET"]}}],"collection":[{"href":"https:\/\/linitiative.ca\/International\/wp-json\/wp\/v2\/posts"}],"about":[{"href":"https:\/\/linitiative.ca\/International\/wp-json\/wp\/v2\/types\/post"}],"author":[{"embeddable":true,"href":"https:\/\/linitiative.ca\/International\/wp-json\/wp\/v2\/users\/1787"}],"replies":[{"embeddable":true,"href":"https:\/\/linitiative.ca\/International\/wp-json\/wp\/v2\/comments?post=144099"}],"version-history":[{"count":0,"href":"https:\/\/linitiative.ca\/International\/wp-json\/wp\/v2\/posts\/144099\/revisions"}],"wp:attachment":[{"href":"https:\/\/linitiative.ca\/International\/wp-json\/wp\/v2\/media?parent=144099"}],"wp:term":[{"taxonomy":"category","embeddable":true,"href":"https:\/\/linitiative.ca\/International\/wp-json\/wp\/v2\/categories?post=144099"},{"taxonomy":"post_tag","embeddable":true,"href":"https:\/\/linitiative.ca\/International\/wp-json\/wp\/v2\/tags?post=144099"}],"curies":[{"name":"wp","href":"https:\/\/api.w.org\/{rel}","templated":true}]}}