{"id":144103,"date":"2022-03-27T16:09:54","date_gmt":"2022-03-27T20:09:54","guid":{"rendered":"https:\/\/linitiative.ca\/International\/en-26-joueurs-presents-ce-dimanche-a-lentrainement\/"},"modified":"2022-03-27T16:09:54","modified_gmt":"2022-03-27T20:09:54","slug":"en-26-joueurs-presents-ce-dimanche-a-lentrainement","status":"publish","type":"post","link":"https:\/\/linitiative.ca\/International\/en-26-joueurs-presents-ce-dimanche-a-lentrainement\/","title":{"rendered":"EN : 26 joueurs pr\u00e9sents ce dimanche \u00e0 l\u2019entra\u00eenement"},"content":{"rendered":"<div>\n<p>A J-2 et avec 26 joueurs pr\u00e9sents \u00e0 l\u2019annexe de Rad\u00e8s, la s\u00e9lection a poursuivi aujourd\u2019hui sa pr\u00e9paration en vue de la rencontre face au\u00a0Mali avant de cl\u00f4turer demain \u00e0 18h00 avec la derni\u00e8re s\u00e9ance. Au programme de lundi, une conf\u00e9rence de presse du s\u00e9lectionneur Jalel Kadri \u00e0 partir 17h15 dans la salle des conf\u00e9rences [\u2026]<\/p>\n<p>L\u2019article <a href=\"https:\/\/sport.tunisienumerique.com\/en-26-joueurs-presents-ce-dimanche-a-lentrainement\/\">EN : 26 joueurs pr\u00e9sents ce dimanche \u00e0 l\u2019entra\u00eenement<\/a> est apparu en premier sur <a href=\"https:\/\/www.tunisienumerique.com\/\">Tunisie<\/a>.<\/p>\n<\/div>\n<p>Auteur: Hamza Ben Khlifa<br \/>\n<a href=\"https:\/\/sport.tunisienumerique.com\/en-26-joueurs-presents-ce-dimanche-a-lentrainement\/\">Cliquez ici pour lire l&rsquo;article depuis sa source.<\/a><\/p>\n","protected":false},"excerpt":{"rendered":"<p>A J-2 et avec 26 joueurs pr\u00e9sents \u00e0 l\u2019annexe de Rad\u00e8s, la s\u00e9lection a poursuivi aujourd\u2019hui sa pr\u00e9paration en vue de la rencontre face au\u00a0Mali avant de cl\u00f4turer demain \u00e0 18h00 avec la derni\u00e8re s\u00e9ance. Au programme de lundi, une conf\u00e9rence de presse du s\u00e9lectionneur Jalel Kadri \u00e0 partir 17h15 dans la salle des conf\u00e9rences [&hellip;]<\/p>\n","protected":false},"author":1789,"featured_media":0,"comment_status":"closed","ping_status":"closed","sticky":false,"template":"","format":"standard","meta":{"fifu_image_url":"","fifu_image_alt":"","footnotes":""},"categories":[73,55],"tags":[],"class_list":["post-144103","post","type-post","status-publish","format-standard","hentry","category-actualite","category-tunisie"],"_links":{"self":[{"href":"https:\/\/linitiative.ca\/International\/wp-json\/wp\/v2\/posts\/144103","targetHints":{"allow":["GET"]}}],"collection":[{"href":"https:\/\/linitiative.ca\/International\/wp-json\/wp\/v2\/posts"}],"about":[{"href":"https:\/\/linitiative.ca\/International\/wp-json\/wp\/v2\/types\/post"}],"author":[{"embeddable":true,"href":"https:\/\/linitiative.ca\/International\/wp-json\/wp\/v2\/users\/1789"}],"replies":[{"embeddable":true,"href":"https:\/\/linitiative.ca\/International\/wp-json\/wp\/v2\/comments?post=144103"}],"version-history":[{"count":0,"href":"https:\/\/linitiative.ca\/International\/wp-json\/wp\/v2\/posts\/144103\/revisions"}],"wp:attachment":[{"href":"https:\/\/linitiative.ca\/International\/wp-json\/wp\/v2\/media?parent=144103"}],"wp:term":[{"taxonomy":"category","embeddable":true,"href":"https:\/\/linitiative.ca\/International\/wp-json\/wp\/v2\/categories?post=144103"},{"taxonomy":"post_tag","embeddable":true,"href":"https:\/\/linitiative.ca\/International\/wp-json\/wp\/v2\/tags?post=144103"}],"curies":[{"name":"wp","href":"https:\/\/api.w.org\/{rel}","templated":true}]}}