{"id":144108,"date":"2022-03-27T15:53:30","date_gmt":"2022-03-27T19:53:30","guid":{"rendered":"https:\/\/linitiative.ca\/International\/attitude-des-autorites-maliennes-et-guineennes-vis-a-vis-de-la-cedeao-la-posture-de-defiance-est-elle-payante\/"},"modified":"2022-03-27T15:53:30","modified_gmt":"2022-03-27T19:53:30","slug":"attitude-des-autorites-maliennes-et-guineennes-vis-a-vis-de-la-cedeao-la-posture-de-defiance-est-elle-payante","status":"publish","type":"post","link":"https:\/\/linitiative.ca\/International\/attitude-des-autorites-maliennes-et-guineennes-vis-a-vis-de-la-cedeao-la-posture-de-defiance-est-elle-payante\/","title":{"rendered":"ATTITUDE DES AUTORITES MALIENNES ET GUINEENNES VIS-A-VIS DE LA CEDEAO : La posture de d\u00e9fiance est-elle payante?  \u00a0"},"content":{"rendered":"<div>\n<p><img decoding=\"async\" width=\"592\" height=\"296\" src=\"https:\/\/linitiative.ca\/International\/wp-content\/uploads\/sites\/23\/2022\/03\/MALI-1.jpg\" class=\"attachment- size- wp-post-image\" alt=\"\" loading=\"lazy\" style=\"float:left; margin:0 15px 15px 0;\" srcset=\"https:\/\/linitiative.ca\/International\/wp-content\/uploads\/sites\/23\/2022\/03\/MALI-1.jpg 592w, https:\/\/lepays.bf\/wp-content\/uploads\/2022\/03\/MALI-1-300x150.jpg 300w, https:\/\/lepays.bf\/wp-content\/uploads\/2022\/03\/MALI-1-150x75.jpg 150w\" sizes=\"auto, (max-width: 592px) 100vw, 592px\">Le 25 mars dernier, les chefs d\u2019Etat de la Communaut\u00e9 \u00e9conomique des Etats de l\u2019Afrique de l\u2019Ouest (CEDEAO) \u00e9taient r\u00e9unis \u00e0 Accra au Ghana, pour un nouveau sommet extraordinaire \u00e0 huis clos, consacr\u00e9 \u00e0 la\u00a0 situation en Guin\u00e9e, au Mali et au Burkina. Concernant le [\u2026]<\/p>\n<p>L\u2019article <a rel=\"nofollow\" href=\"https:\/\/lepays.bf\/attitude-des-autorites-maliennes-et-guineennes-vis-a-vis-de-la-cedeao-la-posture-de-defiance-est-elle-payante\/\">ATTITUDE DES AUTORITES MALIENNES ET GUINEENNES VIS-A-VIS DE LA CEDEAO : La posture de d\u00e9fiance est-elle payante?  \u00a0<\/a> est apparu en premier sur <a rel=\"nofollow\" href=\"https:\/\/lepays.bf\/\">Editions Le Pays<\/a>.<\/p>\n<\/div>\n<p>Auteur: Editions LEPAYS<br \/>\n<a href=\"https:\/\/lepays.bf\/attitude-des-autorites-maliennes-et-guineennes-vis-a-vis-de-la-cedeao-la-posture-de-defiance-est-elle-payante\/\">Cliquez ici pour lire l&rsquo;article depuis sa source.<\/a><\/p>\n","protected":false},"excerpt":{"rendered":"<p>Le 25 mars dernier, les chefs d\u2019Etat de la Communaut\u00e9 \u00e9conomique des Etats de l\u2019Afrique de l\u2019Ouest (CEDEAO) \u00e9taient r\u00e9unis \u00e0 Accra au Ghana, pour un nouveau sommet extraordinaire \u00e0 huis clos, consacr\u00e9 \u00e0 la\u00a0 situation en Guin\u00e9e, au Mali et au Burkina. Concernant le [\u2026] L\u2019article ATTITUDE DES AUTORITES MALIENNES ET GUINEENNES VIS-A-VIS DE [&hellip;]<\/p>\n","protected":false},"author":1813,"featured_media":0,"comment_status":"closed","ping_status":"closed","sticky":false,"template":"","format":"standard","meta":{"fifu_image_url":"https:\/\/lepays.bf\/wp-content\/uploads\/2022\/03\/MALI-1.jpg","fifu_image_alt":"ATTITUDE DES AUTORITES MALIENNES ET GUINEENNES VIS-A-VIS DE LA CEDEAO : La posture de d\u00e9fiance est-elle payante?  \u00a0","footnotes":""},"categories":[73,81],"tags":[],"class_list":["post-144108","post","type-post","status-publish","format-standard","hentry","category-actualite","category-burkina-faso"],"_links":{"self":[{"href":"https:\/\/linitiative.ca\/International\/wp-json\/wp\/v2\/posts\/144108","targetHints":{"allow":["GET"]}}],"collection":[{"href":"https:\/\/linitiative.ca\/International\/wp-json\/wp\/v2\/posts"}],"about":[{"href":"https:\/\/linitiative.ca\/International\/wp-json\/wp\/v2\/types\/post"}],"author":[{"embeddable":true,"href":"https:\/\/linitiative.ca\/International\/wp-json\/wp\/v2\/users\/1813"}],"replies":[{"embeddable":true,"href":"https:\/\/linitiative.ca\/International\/wp-json\/wp\/v2\/comments?post=144108"}],"version-history":[{"count":0,"href":"https:\/\/linitiative.ca\/International\/wp-json\/wp\/v2\/posts\/144108\/revisions"}],"wp:attachment":[{"href":"https:\/\/linitiative.ca\/International\/wp-json\/wp\/v2\/media?parent=144108"}],"wp:term":[{"taxonomy":"category","embeddable":true,"href":"https:\/\/linitiative.ca\/International\/wp-json\/wp\/v2\/categories?post=144108"},{"taxonomy":"post_tag","embeddable":true,"href":"https:\/\/linitiative.ca\/International\/wp-json\/wp\/v2\/tags?post=144108"}],"curies":[{"name":"wp","href":"https:\/\/api.w.org\/{rel}","templated":true}]}}